{"id":874,"date":"2007-06-24T19:38:27","date_gmt":"2007-06-24T17:38:27","guid":{"rendered":"http:\/\/www.tour-blog.de\/?p=874"},"modified":"2007-06-26T15:50:23","modified_gmt":"2007-06-26T13:50:23","slug":"vorbesichtigung-im-forum-leverkusen","status":"publish","type":"post","link":"https:\/\/www.tour-blog.de\/?p=874","title":{"rendered":"Vorbesichtigung im Forum Leverkusen"},"content":{"rendered":"<p style=\"text-align: center\"><a target=\"_blank\" href=\"https:\/\/www.tour-blog.de\/2007\/06\/Marilyn\/Schnitt%203000.jpg\" title=\"Schnittansicht im Forum Leverkusen\"><img loading=\"lazy\" width=\"700\" src=\"https:\/\/www.tour-blog.de\/2007\/06\/Marilyn\/Schnitt%20700.jpg\" alt=\"Schnittansicht im Forum Leverkusen; Bild gr\u00f6\u00dferklickbar\" height=\"243\" style=\"width: 700px; height: 243px\" title=\"Schnittansicht im Forum Leverkusen; Bild gr\u00f6\u00dferklickbar\" \/><\/a><\/p>\n<p>W\u00e4hrend meine Kollegen noch flei\u00dfig in Duisburg abbauten bin ich letzten Samstag noch schnell nach Leverkusen zu einer Vorbesprechung. Im <a target=\"_blank\" href=\"http:\/\/www.kulturstadtlev.de\/page.php?id=4919b28a76d57c2616133306c9ca22dd\" title=\"Forum Leverkusen\">Forum Leverkusen<\/a> wird n\u00e4mlich f\u00fcr &#8222;<a target=\"_blank\" href=\"http:\/\/www.marilyn-musical.de\/\" title=\"Marilyn \u2014 das Musical\">Marilyn \u2014 das Musical<\/a>&#8220; geprobt, eine Tourneeproduktion, die wir mit unserer Firmenmarke <a target=\"_blank\" href=\"http:\/\/www.klangschmiede.de\/\" title=\"KLANGSCHMIEDE\">KLANGSCHMIEDE<\/a> technisch betreuen.<\/p>\n<p style=\"text-align: center\"><a target=\"_blank\" href=\"https:\/\/www.tour-blog.de\/2007\/06\/Marilyn\/Publikum%203000.jpg\" title=\"Blick von der B\u00fchne ins Publikum im Forum Leverkusen\"><img loading=\"lazy\" width=\"700\" src=\"https:\/\/www.tour-blog.de\/2007\/06\/Marilyn\/Publikum%20700.jpg\" alt=\"Blick von der B\u00fchne ins Publikum im Forum Leverkusen; Bild gr\u00f6\u00dferklickbar\" height=\"119\" style=\"width: 700px; height: 119px\" title=\"Blick von der B\u00fchne ins Publikum im Forum Leverkusen; Bild gr\u00f6\u00dferklickbar\" \/><\/a><\/p>\n<p>Dieses Musical gab es bisher nur als Festeinbau im G\u00e4rtnerplatztheater M\u00fcnchen und so setzten wir uns zusammen und schauten, wie man das technisch auf die Stra\u00dfe bekommen kann. Ich denke, es wird uns ganz gut gelingen (toi, toi, toi).<\/p>\n","protected":false},"excerpt":{"rendered":"<p>W\u00e4hrend meine Kollegen noch flei\u00dfig in Duisburg abbauten bin ich letzten Samstag noch schnell nach Leverkusen zu einer Vorbesprechung. Im Forum Leverkusen wird n\u00e4mlich f\u00fcr &#8222;Marilyn \u2014 das Musical&#8220; geprobt, eine Tourneeproduktion, die wir mit unserer Firmenmarke KLANGSCHMIEDE technisch betreuen. Dieses Musical gab es bisher nur als Festeinbau im G\u00e4rtnerplatztheater M\u00fcnchen und so setzten wir &hellip; <a href=\"https:\/\/www.tour-blog.de\/?p=874\" class=\"more-link\"><span class=\"screen-reader-text\">\u201eVorbesichtigung im Forum Leverkusen\u201c<\/span> weiterlesen<\/a><\/p>\n","protected":false},"author":7,"featured_media":0,"comment_status":"open","ping_status":"open","sticky":false,"template":"","format":"standard","meta":[],"categories":[32],"tags":[],"_links":{"self":[{"href":"https:\/\/www.tour-blog.de\/index.php?rest_route=\/wp\/v2\/posts\/874"}],"collection":[{"href":"https:\/\/www.tour-blog.de\/index.php?rest_route=\/wp\/v2\/posts"}],"about":[{"href":"https:\/\/www.tour-blog.de\/index.php?rest_route=\/wp\/v2\/types\/post"}],"author":[{"embeddable":true,"href":"https:\/\/www.tour-blog.de\/index.php?rest_route=\/wp\/v2\/users\/7"}],"replies":[{"embeddable":true,"href":"https:\/\/www.tour-blog.de\/index.php?rest_route=%2Fwp%2Fv2%2Fcomments&post=874"}],"version-history":[{"count":0,"href":"https:\/\/www.tour-blog.de\/index.php?rest_route=\/wp\/v2\/posts\/874\/revisions"}],"wp:attachment":[{"href":"https:\/\/www.tour-blog.de\/index.php?rest_route=%2Fwp%2Fv2%2Fmedia&parent=874"}],"wp:term":[{"taxonomy":"category","embeddable":true,"href":"https:\/\/www.tour-blog.de\/index.php?rest_route=%2Fwp%2Fv2%2Fcategories&post=874"},{"taxonomy":"post_tag","embeddable":true,"href":"https:\/\/www.tour-blog.de\/index.php?rest_route=%2Fwp%2Fv2%2Ftags&post=874"}],"curies":[{"name":"wp","href":"https:\/\/api.w.org\/{rel}","templated":true}]}}