{"id":870,"date":"2007-06-11T22:08:44","date_gmt":"2007-06-11T20:08:44","guid":{"rendered":"http:\/\/www.tour-blog.de\/?p=870"},"modified":"2007-06-11T22:08:44","modified_gmt":"2007-06-11T20:08:44","slug":"der-erste-tag-im-landschaftspark","status":"publish","type":"post","link":"https:\/\/www.tour-blog.de\/?p=870","title":{"rendered":"Der erste Tag im Landschaftspark"},"content":{"rendered":"<p style=\"text-align: center\"><img loading=\"lazy\" width=\"700\" src=\"https:\/\/www.tour-blog.de\/2007\/06\/Deloitte\/Halle vor Aufbau.jpg\" alt=\"Die Kraftzentrale des Landschaftsparks Nord in Duisburg vor unserem Aufbau\" height=\"474\" style=\"width: 700px; height: 474px\" title=\"Die Kraftzentrale des Landschaftsparks Nord in Duisburg vor unserem Aufbau\" \/><\/p>\n<p>Morgen geht&#8217;s los mit unserem Job im Landschaftspark Nord in Duisburg. Die Kraftzentrale wird meine Arbeitsst\u00e4tte sein. Heute war ich schon mal da, ein paar letzte Details festklopfen, vom Elektriker den Strom so verlegen lassen, wie wir ihn dann morgen ab 06:00 Uhr brauchen werden und vor allem schauen, da\u00df ab morgen das Catering funktioniert :-)<\/p>\n<p style=\"text-align: center\"><a target=\"_blank\" href=\"https:\/\/www.tour-blog.de\/2007\/06\/Deloitte\/Kochstrasse 3000.jpg\" title=\"Die Kochstra\u00dfe hinter der Halle\"><img src=\"https:\/\/www.tour-blog.de\/2007\/06\/Deloitte\/Kochstrasse 700.jpg\" alt=\"Die Kochstra\u00dfe hinter der Halle; Bild gr\u00f6\u00dferklickbar\" title=\"Die Kochstra\u00dfe hinter der Halle; Bild gr\u00f6\u00dferklickbar\" \/><\/a><\/p>\n<p>Nein, mit dem Catering habe ich eigentlich nichts zu tun, aber es ist schon recht imposant, was die Kollegen von LPS hier ankarren. Vor allem der Elektriker ist durch die gastronomische Abteilung gut gefordert. Oben seht Ihr einen kombinierten K\u00fchl-\/Kochtruck und rechts dann einen der Generatoren, die speziell f\u00fcr die K\u00fcche aufgebaut werden.<\/p>\n<p style=\"text-align: center\"><a target=\"_blank\" href=\"https:\/\/www.tour-blog.de\/2007\/06\/Deloitte\/Kochtruck 3000.jpg\" title=\"Blick in den Kochtruck der LPS\"><img loading=\"lazy\" width=\"700\" src=\"https:\/\/www.tour-blog.de\/2007\/06\/Deloitte\/Kochtruck 700.jpg\" alt=\"Der Kochtruck von innen; Bild gr\u00f6\u00dferklickbar\" height=\"261\" style=\"width: 700px; height: 261px\" title=\"Der Kochtruck von innen; Bild gr\u00f6\u00dferklickbar\" \/><\/a><\/p>\n<p>Hier mal ein Blick in diese Gro\u00dfk\u00fcche in einem Auflieger. Da bekommt der Begriff &#8222;Essen auf R\u00e4dern&#8220; pl\u00f6tzlich eine ganz neue Dimension. Und bei den ganzen Gro\u00dfger\u00e4ten versteht ihr dann vielleicht auch, warum der Elektriker ins Schwitzen kommt.<\/p>\n","protected":false},"excerpt":{"rendered":"<p>Morgen geht&#8217;s los mit unserem Job im Landschaftspark Nord in Duisburg. Die Kraftzentrale wird meine Arbeitsst\u00e4tte sein. Heute war ich schon mal da, ein paar letzte Details festklopfen, vom Elektriker den Strom so verlegen lassen, wie wir ihn dann morgen ab 06:00 Uhr brauchen werden und vor allem schauen, da\u00df ab morgen das Catering funktioniert &hellip; <a href=\"https:\/\/www.tour-blog.de\/?p=870\" class=\"more-link\"><span class=\"screen-reader-text\">\u201eDer erste Tag im Landschaftspark\u201c<\/span> weiterlesen<\/a><\/p>\n","protected":false},"author":7,"featured_media":0,"comment_status":"open","ping_status":"open","sticky":false,"template":"","format":"standard","meta":[],"categories":[13],"tags":[],"_links":{"self":[{"href":"https:\/\/www.tour-blog.de\/index.php?rest_route=\/wp\/v2\/posts\/870"}],"collection":[{"href":"https:\/\/www.tour-blog.de\/index.php?rest_route=\/wp\/v2\/posts"}],"about":[{"href":"https:\/\/www.tour-blog.de\/index.php?rest_route=\/wp\/v2\/types\/post"}],"author":[{"embeddable":true,"href":"https:\/\/www.tour-blog.de\/index.php?rest_route=\/wp\/v2\/users\/7"}],"replies":[{"embeddable":true,"href":"https:\/\/www.tour-blog.de\/index.php?rest_route=%2Fwp%2Fv2%2Fcomments&post=870"}],"version-history":[{"count":0,"href":"https:\/\/www.tour-blog.de\/index.php?rest_route=\/wp\/v2\/posts\/870\/revisions"}],"wp:attachment":[{"href":"https:\/\/www.tour-blog.de\/index.php?rest_route=%2Fwp%2Fv2%2Fmedia&parent=870"}],"wp:term":[{"taxonomy":"category","embeddable":true,"href":"https:\/\/www.tour-blog.de\/index.php?rest_route=%2Fwp%2Fv2%2Fcategories&post=870"},{"taxonomy":"post_tag","embeddable":true,"href":"https:\/\/www.tour-blog.de\/index.php?rest_route=%2Fwp%2Fv2%2Ftags&post=870"}],"curies":[{"name":"wp","href":"https:\/\/api.w.org\/{rel}","templated":true}]}}