{"id":80,"date":"2006-02-17T15:07:54","date_gmt":"2006-02-17T14:07:54","guid":{"rendered":"http:\/\/www.tour-blog.de\/?p=80"},"modified":"2006-12-16T15:27:35","modified_gmt":"2006-12-16T14:27:35","slug":"frankfurt-alte-oper","status":"publish","type":"post","link":"https:\/\/www.tour-blog.de\/?p=80","title":{"rendered":"Frankfurt Alte Oper"},"content":{"rendered":"<p>Bevor ich anfange, den heutigen Bericht zu schreiben erst mal eine ganz wichtige Information: durch Freigabe von gesperrten Pl\u00e4tzen haben wir gerade noch 12 Tickets in den Verkauf geben k\u00f6nnen. Bei einer komplett ausverkauften Show ist das doch schon mal was&#8230;.<\/p>\n<p>Nach dem Werbeblock also wieder der Tour-Blog. Nachdem ich in den letzten Tagen immer geschrieben habe, was Abends im Nightlinerfernseher lief, will ich es auch heute nicht verheimlichen: wieder ein Konzert und zwar <a title=\"Stefan Gwildis\" target=\"_blank\" href=\"http:\/\/www.stefangwildis.de\">Stefan Gwildis<\/a> im Hamburger Stadtpark. Das war gewisserma\u00dfen ein bi\u00dfchen Selbstbeweihr\u00e4ucherung, denn Dennis hat auch dort Licht gemacht. Au\u00dferdem konnten wir unseren Gitarristen Mirko mal so richtig in Action sehen, denn bei Stefan spielt er auch. Ist halt alles Hamburger Kl\u00fcngel hier ;-)  Alte Soulnummern mit deutschen Texten ist ja erst immer ein Stichwort, was Stirnkrausen hervorruft. Bei Stefan klappt das aber tats\u00e4chlich sehr gut; er hat halt &#8217;ne tolle Ausstrahlung.<\/p>\n<p>Heute spielen wir also in der Alten Oper in Frankfurt. Wer jetzt noch das Bild der Alten Oper in Erfurt in der Erinnerung hat, der braucht sich in Frankfurt keine Sorge machen. Alles schick hier. Jedenfalls optisch. Nicht ganz schick ist der Ladeweg gel\u00f6st. Teile der B\u00fchne bilden n\u00e4mlich den Ladelift und man kann erst anfangen richtig aufzubauen, wenn alles oben ist. Beim Aufbau ist das nicht ganz so tragisch, weil wir ja genug zeitliche Luft haben. Beim Abbau ist das allerdings obernervig, weil man eben erst auch komplett abbauen mu\u00df, bevor die ersten Kisten runterfahren k\u00f6nnen. Da zudem unten der Flur recht eng ist, m\u00fcssen die Kisten auch halbwegs in der richtigen Ladereihenfolge nach unten gehen. Na ja. Gibt Schlimmeres. Ansonsten aber alles gut, unser Rigg h\u00e4ngt an Hausmotoren.<\/p>\n<div style=\"text-align: center\"><a title=\"Komplettansicht Frankfurt Alte Oper\" target=\"_blank\" href=\"https:\/\/www.tour-blog.de\/2006\/02\/Frankfurt\/Frankfurt%20Alte%20Oper.jpg\"><img title=\"Vorschau Alte Oper\" alt=\"Vorschau Alte Oper\" src=\"https:\/\/www.tour-blog.de\/2006\/02\/Frankfurt\/Frankfurt%20Alte%20Oper%20Vorschau.jpg\" \/><\/a><\/div>\n<p>Heute ist&#8217;s au\u00dferdem die gr\u00f6\u00dfte Halle der Tour. Kann man auf dem Bild wohl auch ganz gut sehen, oder ?  Und das Konzert ist seit Wochen restlos ausverkauft. Sch\u00f6n. Da m\u00fcssen sogar <a title=\"Dieter Semmelmann\" target=\"_blank\" href=\"http:\/\/www.semmel.info\/team.asp\">Dieter Semmelmann<\/a> und <a title=\"Roman Rybnikar\" target=\"_blank\" href=\"http:\/\/www.105music.de\/index.php?area=roman\">Roman Rybnikar<\/a> mal vorbeikommen um das mitzuerleben.<br \/>\nDer Aufbau l\u00e4uft eingespielt und ohne weitere Zwischenf\u00e4lle, Peter h\u00f6rt \u2014 es kommen ja so viele Leute \u2014 zwei Stunden Al, was den ein oder anderen panikartig die Flucht ins Catering ergreifen l\u00e4\u00dft. Zwischendurch Gedanken zu D\u00fcsseldorf und den \u00d6sterreichterminen. Das Konzert dann mit toller Stimmung, einer am Anfang doch ein wenig nerv\u00f6sen Annett, aber alles ist gut und am Ende herrscht gutgelaunte Entspannung. Angesichts der Tatsache, da\u00df heute die Chefabteilung eines der beiden Fanclubs hier ist, habe ich nicht so viele Photos gemacht. Ich denke, die wird man im <a title=\"Fanseite Louisan.de\" target=\"_blank\" href=\"http:\/\/www.louisan.de\">Fanforum<\/a> finden k\u00f6nnen.<\/p>\n<div style=\"text-align: center\"><img title=\"Frankfurt\" alt=\"Frankfurt\" src=\"https:\/\/www.tour-blog.de\/2006\/02\/Frankfurt\/Frankfurt.jpg\" \/><\/div>\n<p>F\u00fcr die Annett &#8211; Tour ist jetzt erst mal ein wenig Pause (in diesem Blog nat\u00fcrlich nicht, es gibt ja noch genug zu tun). Beim Abbau hie\u00df das, da\u00df einige Teile aussortiert werden mu\u00dften. Sei es, da\u00df Friedrichs Vest\u00e4rker f\u00fcr&#8217;s Wurlitzer zur Wartung mu\u00df, sei es, da\u00df einer der beiden Hazer (Dunstmaschinen) spinnt, sei es, da\u00df die PA zwischenzeitig andere Veranstaltung beschallen mu\u00df. Der gr\u00f6\u00dfte Teil des Equipments und der Instrumente lagern aber gut bewacht in unserem Truck. Noch Nachts sind dann alle heimgefahren. Mich hat der Nightliner fast bis vor die Haust\u00fcre gefahren. Sehr bequem. Ich werde jetzt erst mal die Waschmaschine starten und sp\u00e4ter dann noch ein Portrait schreiben.<\/p>\n","protected":false},"excerpt":{"rendered":"<p>Bevor ich anfange, den heutigen Bericht zu schreiben erst mal eine ganz wichtige Information: durch Freigabe von gesperrten Pl\u00e4tzen haben wir gerade noch 12 Tickets in den Verkauf geben k\u00f6nnen. Bei einer komplett ausverkauften Show ist das doch schon mal was&#8230;. Nach dem Werbeblock also wieder der Tour-Blog. Nachdem ich in den letzten Tagen immer &hellip; <a href=\"https:\/\/www.tour-blog.de\/?p=80\" class=\"more-link\"><span class=\"screen-reader-text\">\u201eFrankfurt Alte Oper\u201c<\/span> weiterlesen<\/a><\/p>\n","protected":false},"author":7,"featured_media":0,"comment_status":"open","ping_status":"open","sticky":false,"template":"","format":"standard","meta":[],"categories":[11],"tags":[],"_links":{"self":[{"href":"https:\/\/www.tour-blog.de\/index.php?rest_route=\/wp\/v2\/posts\/80"}],"collection":[{"href":"https:\/\/www.tour-blog.de\/index.php?rest_route=\/wp\/v2\/posts"}],"about":[{"href":"https:\/\/www.tour-blog.de\/index.php?rest_route=\/wp\/v2\/types\/post"}],"author":[{"embeddable":true,"href":"https:\/\/www.tour-blog.de\/index.php?rest_route=\/wp\/v2\/users\/7"}],"replies":[{"embeddable":true,"href":"https:\/\/www.tour-blog.de\/index.php?rest_route=%2Fwp%2Fv2%2Fcomments&post=80"}],"version-history":[{"count":0,"href":"https:\/\/www.tour-blog.de\/index.php?rest_route=\/wp\/v2\/posts\/80\/revisions"}],"wp:attachment":[{"href":"https:\/\/www.tour-blog.de\/index.php?rest_route=%2Fwp%2Fv2%2Fmedia&parent=80"}],"wp:term":[{"taxonomy":"category","embeddable":true,"href":"https:\/\/www.tour-blog.de\/index.php?rest_route=%2Fwp%2Fv2%2Fcategories&post=80"},{"taxonomy":"post_tag","embeddable":true,"href":"https:\/\/www.tour-blog.de\/index.php?rest_route=%2Fwp%2Fv2%2Ftags&post=80"}],"curies":[{"name":"wp","href":"https:\/\/api.w.org\/{rel}","templated":true}]}}