{"id":798,"date":"2007-04-07T18:34:38","date_gmt":"2007-04-07T16:34:38","guid":{"rendered":"http:\/\/www.tour-blog.de\/?p=798"},"modified":"2007-04-17T20:37:08","modified_gmt":"2007-04-17T18:37:08","slug":"updatefehler","status":"publish","type":"post","link":"https:\/\/www.tour-blog.de\/?p=798","title":{"rendered":"Updatefehler"},"content":{"rendered":"<p>Heute habe ich WordPress von Version 2.0.10 auf die aktuelle Variante 2.1.3 aufgefrischt. Leider sind bei dieser Kur einige Nebenwirkungen aufgetreten und ich w\u00fcrde mich freuen, wenn Ihr mir hier weiterhelfen k\u00f6nnt.<\/p>\n<p>1.) Feste Seiten wie beispielsweise mein Impressum haben ihren Seitenstatus verloren und gelten jetzt als ganz normale Beitr\u00e4ge. Dementsprechend ist auch in der Sidebar der Bereich f\u00fcr die Seiten verschwunden. Wie mache ich Artikel, die ich als feste Seite au\u00dferhalb des zeitlich geordneten Blog haben m\u00f6chte, wieder zu Seiten und wie bekomme ich diese dann wieder in die Sidebar ?<\/p>\n<p>2.) Am Fu\u00df einer normalen Seite gab es immer den Link zu \u00e4lteren Beitr\u00e4gen. Der ist verschwunden und nun kommt man nicht mehr weiter zur\u00fcck. Das ist doof und darum h\u00e4tte ich sehr dringend wieder diesen Link unten. Wie zaubere ich ihn dorthin ?<\/p>\n<p>3.) Auf der Seite &#8222;Tellerrand&#8220; im Adminbereich gibt es rechts unter der \u00dcberschrift &#8222;Blogstatistik&#8220; jetzt eine Fehlermeldung:<\/p>\n<blockquote><p><strong>Parse error<\/strong>: syntax error, unexpected &#8218;,&#8216; in <strong>\/&#8230;\/htdocs\/blog\/wp-includes\/gettext.php(313) : eval()&#8217;d code<\/strong> on line <strong>1<\/strong><\/p><\/blockquote>\n<p>Mal abgesehen davon, da\u00df das optisch unsch\u00f6n ist: was will mir diese Meldung sagen und wie bekomme ich sie wieder weg ?<\/p>\n<p>4.) Wenn ich einen Artikel schreibe, dann habe ich zwar im Editor die M\u00f6glichkeit, zwischen &#8222;Visuell&#8220; und &#8222;Code&#8220; hin und her zu schalten, aber echten HTML &#8211; Code bekomme ich im Gegensatz zu fr\u00fcher nicht mehr zu sehen. Wie l\u00e4\u00dft sich das \u00e4ndern ?<\/p>\n<p>Weil ich mir vorstellen kann, da\u00df man f\u00fcr eins und zwei ggf. meinen verwendeten Theme braucht, findet Ihr ihn <a target=\"_blank\" href=\"https:\/\/www.tour-blog.de\/2007\/04\/tour-blog%20Theme.zip\" title=\"Mein Theme\">hier<\/a>.<\/p>\n<p>F\u00fcr Eure Antworten ganz herzlichen Dank.<\/p>\n<p>Update: Mittlerweile sind alle Fehler behoben. Ganz besonderen Dank an <a target=\"_blank\" href=\"http:\/\/forum.wordpress-deutschland.org\/mitglied\/arno-simon.html\" title=\"Arno Simon\">Arno Simon<\/a> aus dem WordPress &#8211; Forum, der mir sehr geholfen hat.<\/p>\n","protected":false},"excerpt":{"rendered":"<p>Heute habe ich WordPress von Version 2.0.10 auf die aktuelle Variante 2.1.3 aufgefrischt. Leider sind bei dieser Kur einige Nebenwirkungen aufgetreten und ich w\u00fcrde mich freuen, wenn Ihr mir hier weiterhelfen k\u00f6nnt. 1.) Feste Seiten wie beispielsweise mein Impressum haben ihren Seitenstatus verloren und gelten jetzt als ganz normale Beitr\u00e4ge. Dementsprechend ist auch in der &hellip; <a href=\"https:\/\/www.tour-blog.de\/?p=798\" class=\"more-link\"><span class=\"screen-reader-text\">\u201eUpdatefehler\u201c<\/span> weiterlesen<\/a><\/p>\n","protected":false},"author":7,"featured_media":0,"comment_status":"open","ping_status":"open","sticky":false,"template":"","format":"standard","meta":[],"categories":[3],"tags":[],"_links":{"self":[{"href":"https:\/\/www.tour-blog.de\/index.php?rest_route=\/wp\/v2\/posts\/798"}],"collection":[{"href":"https:\/\/www.tour-blog.de\/index.php?rest_route=\/wp\/v2\/posts"}],"about":[{"href":"https:\/\/www.tour-blog.de\/index.php?rest_route=\/wp\/v2\/types\/post"}],"author":[{"embeddable":true,"href":"https:\/\/www.tour-blog.de\/index.php?rest_route=\/wp\/v2\/users\/7"}],"replies":[{"embeddable":true,"href":"https:\/\/www.tour-blog.de\/index.php?rest_route=%2Fwp%2Fv2%2Fcomments&post=798"}],"version-history":[{"count":0,"href":"https:\/\/www.tour-blog.de\/index.php?rest_route=\/wp\/v2\/posts\/798\/revisions"}],"wp:attachment":[{"href":"https:\/\/www.tour-blog.de\/index.php?rest_route=%2Fwp%2Fv2%2Fmedia&parent=798"}],"wp:term":[{"taxonomy":"category","embeddable":true,"href":"https:\/\/www.tour-blog.de\/index.php?rest_route=%2Fwp%2Fv2%2Fcategories&post=798"},{"taxonomy":"post_tag","embeddable":true,"href":"https:\/\/www.tour-blog.de\/index.php?rest_route=%2Fwp%2Fv2%2Ftags&post=798"}],"curies":[{"name":"wp","href":"https:\/\/api.w.org\/{rel}","templated":true}]}}