{"id":65,"date":"2006-02-10T19:13:36","date_gmt":"2006-02-10T18:13:36","guid":{"rendered":"http:\/\/www.tour-blog.de\/?p=65"},"modified":"2008-02-13T10:17:40","modified_gmt":"2008-02-13T09:17:40","slug":"kulturpalast-dresden","status":"publish","type":"post","link":"https:\/\/www.tour-blog.de\/?p=65","title":{"rendered":"Kulturpalast Dresden"},"content":{"rendered":"<p>Nach einem erholsamen freien Tag verbringen wir heute unsere Zeit im Kulturpalast Dresden. Wie in vielen Ostbauten gibt es hier eine sehr breite B\u00fchne \u2014 weil zu DDR &#8211; Zeiten ja der komplette Parteivorstand darauf Platz finden mu\u00dfte. F\u00fcr uns ist das nicht ganz ideal, weil unser B\u00fchnendesign auf eine 12m breite Guckkastenb\u00fchne konzipiert ist und nicht auf eine 36m breite B\u00fchne, auf der auch das ZK Platz findet. Wir haben dann unseren Aufbau etwas ver\u00e4ndert, so da\u00df es doch noch ein wenig kuschelig aussieht, die Pl\u00e4tze im Seitenrang aber auch was sehen.<\/p>\n<p style=\"text-align: center\"><a href=\"https:\/\/www.tour-blog.de\/2006\/02\/Dresden\/Kulturpalast%20Dresden.jpg\" title=\"Komplettansicht Kulturpalast Dresden\" target=\"_blank\"><img src=\"https:\/\/www.tour-blog.de\/2006\/02\/Dresden\/Kulturpalast%20Dresden%20Vorschau.jpg\" title=\"Vorschau Kulturpalast Dresden\" alt=\"Vorschau Kulturpalast Dresden\" \/><\/a><\/p>\n<p>Die Ladesituation heute mit Au\u00dfenlift. Das hei\u00dft, da\u00df unsere Cases drau\u00dfen auf den Lift geschoben werden, dann nach oben fahren und oben auf die Hinterb\u00fchne kommen. Ich glaube, es liegt an meinem schlechten Karma, aber jedes Mal, wenn ich hier im Haus bin, regnet oder schneit es. Heute Schneeregen. War klar.<\/p>\n<p style=\"text-align: center\"><img src=\"https:\/\/www.tour-blog.de\/2006\/02\/Dresden\/Ladeweg.jpg\" title=\"Ladeweg in Dresden\" alt=\"Ladeweg in Dresden\" \/><\/p>\n<p>Der Aufbau dann ganz ok., hinten wird alles an Hausz\u00fcge geh\u00e4ngt, nur die Fronttruss m\u00fcssen wir an eigenen Motoren fliegen. Bl\u00f6derweise gibt es nur 150kg &#8211; Punkte, so da\u00df wir f\u00fcr die eigentlich nicht schwere Traverse vier Punkte h\u00e4ngen m\u00fcssen. Interessanterweise gibt es im Dach durchaus richtig fette Tr\u00e4ger \u2014 an die darf man aber, nur Walter himself wei\u00df warum, nicht dran. Ansonsten sind die Hausleute aber sehr nett und helfen uns auch mit Vorh\u00e4ngen aus, damit wir die B\u00fchne ein wenig zugeh\u00e4ngt bekommen. Das wird uns morgen ja noch einmal bl\u00fchen.<\/p>\n<p>Damit Ihr einen kleinen Gr\u00f6\u00dfenvergleich habt, hier mal ein Photo von unseren Stromsteckern. Rechts den Stecker kennt Ihr alle, da darf man 1x 16 Ampere (A) mit anschlie\u00dfen. Links der Stecker ist der unseres Dimmerracks. Da sind dann 3x 125A mit m\u00f6glich. Mit diesem Stecker k\u00f6nnte man ein ganzes Vierfamilienhaus anschlie\u00dfen. Und das brauchen wir auch f\u00fcr unser Licht; Ton kommt mit einem &#8222;Einfamilienhausanschlu\u00df&#8220; dazu&#8230;.. wir haben halt keine Energiesparlampen ;-)<\/p>\n<p style=\"text-align: center\"><img src=\"https:\/\/www.tour-blog.de\/2006\/02\/Dresden\/Strom.jpg\" title=\"Stromanschl\u00fcsse\" alt=\"Stromanschl\u00fcsse\" \/><\/p>\n<p>Peter hat sich in den vergangenen Tagen immer mal wieder dar\u00fcber ge\u00e4rgert, da\u00df die Boxen, die wir f\u00fcr zus\u00e4tzliche Beschallungen nutzen nach oben hin ziemlich viel H\u00f6hen abstrahlen. Heute hatten wir eine kleine Bastelstunde und das Ergebnis kann sich h\u00f6ren lassen. Er jedenfalls ist fast gekommen vor Gl\u00fcck.<\/p>\n<p style=\"text-align: center\"><img src=\"https:\/\/www.tour-blog.de\/2006\/02\/Dresden\/Tondesign.jpg\" title=\"Peters tolles Tondesign\" alt=\"Peters tolles Tondesign\" \/><\/p>\n<p>Jetzt gerade entscheide ich mich, den Tagesbeitrag &#8222;dynamisch&#8220; zu machen. Das hei\u00dft, ich stelle ihn jetzt schon mal ein und er wird sich im Laufe der Nacht noch ver\u00e4ndern, erweitern. Davon verspreche ich mir etwas Arbeitserleichterung, denn hauptberuflich mache ich ja tats\u00e4chlich etwas anderes, als Blogschreiben. Mal seh&#8217;n, ob das auch funktioniert.<\/p>\n<p>Das heutige Konzert war eigentlich f\u00fcr den Alten Schlachthof in Dresden terminiert. Wegen der gro\u00dfen Nachfrage wurde es dann in den Kulturpalast verlegt. Immerhin fast 2.000 Menschen sind heute zu uns gekommen (in den Schlachthof gehen bestuhlt knapp 1.000 rein). Damit Leute, die die Verlegung nicht mitbekommen haben, eine reelle Chance haben, auch die komplette Show zu sehen, haben wir heute 15 Minuten sp\u00e4ter angefangen. F\u00fcr mich eine gute Gelegenheit, mal ein Panoramaphoto zu machen, was man so nicht jeden Tag machen kann.<\/p>\n<p style=\"text-align: center\"><a href=\"https:\/\/www.tour-blog.de\/2006\/02\/Dresden\/kurz%20vor%20Acht.jpg\" target=\"_blank\" title=\"Vollansicht der kurz vor Acht - Perspektive\"><img src=\"https:\/\/www.tour-blog.de\/2006\/02\/Dresden\/kurz%20vor%20Acht%20Vorschau.jpg\" alt=\"Blick auf das Publikum um kurz vor Acht\" title=\"Blick auf das Publikum um kurz vor Acht\" \/><\/a><\/p>\n<p>Daf\u00fcr komme ich heute w\u00e4hrend der Show f\u00fcr Photos nicht so richtig an die B\u00fchne ran. Dort wo ich stehe ist es viel zu weit weg, um gute Bilder zu machen und in den Saal komme ich auch nicht, ohne halb \u00fcber die B\u00fchne laufen zu m\u00fcssen. Darum keine Showphotos.<\/p>\n<p>Unfa\u00dfbar, sie hat es gesagt ! Bei den Proben wurde ja schon l\u00e4nger mit dem \u00f6sterreichischen Begriff f\u00fcr Mundharmonika geulkt, aber da\u00df sie&#8217;s vor Publikum sagt&#8230;. &#8222;&#8230;und Friedrich Paravicini am Fotzenhobel.&#8220; Wir sind alle zusammengebrochen ! Das erinnert mich an die Premiere in L\u00fcneburg, wo wir als letzte Zugabe &#8222;Was hast Du vor ?&#8220; hatten und sie den Titel mit den Worten &#8222;Jetzt kommt die richtige Begleitmusik f\u00fcr den Geschlechtsverkehr&#8220; ansagte. <a href=\"http:\/\/www.semmel.de\" target=\"_blank\" title=\"Semmel Concerts\">Dieter Semmelmann<\/a>, unser Tourneeveranstalter, stand neben mir und fragte mich: &#8222;Hab&#8216; das jetzt nur ich geh\u00f6rt, oder hat sie das tats\u00e4chlich gesagt ?&#8220; Unglaublich.<\/p>\n<p>Ich wei\u00df jetzt gar nicht, wie ich darauf komme, aber heute waren sehr viele wirklich sehr sch\u00f6ne Frauen im Publikum. Auch gestern in dem Laden, in dem ich zwei der drei Shirts kaufte, war ein M\u00e4del&#8230;. &#8218;Tschuldigung. Das Wetter.<\/p>\n<p>Die Hands kamen \u00fcbrigens sehr gutgelaunt zum Abbau. Sie waren zwischendurch im Stadion; Dynamo Dresden gegen 1860 M\u00fcnchen. Dynamo hat 2:0 gewonnen. In knietiefem Morast, weil es seit Tagen geregnet hat und der Unterboden aber noch gefroren ist. Aber das ist eben echter Sport. Abbau geht dadurch sehr schnell, weil die Jungs noch feiern wollen. Soll mir recht sein. Wir haben bis Chemnitz die Nacht auch nicht weit zu fahren und es w\u00fcrde reichen, wenn wir hier um 07:00 Uhr loskommen. Da k\u00f6nnte man doch&#8230;.<\/p>\n<p>Nach dem Abbau bei meiner Idiotenrunde bin ich dann noch mal am Schn\u00fcrboden der Seitenb\u00fchne vorbeigekommen und konnte nicht daran vorbeigehen, ohne noch ein Photo zu schie\u00dfen.<\/p>\n<p style=\"text-align: center\"><img src=\"https:\/\/www.tour-blog.de\/2006\/02\/Dresden\/Schnuerboden.jpg\" title=\"Schn\u00fcrboden der Seitenb\u00fchne\" alt=\"Schn\u00fcrboden der Seitenb\u00fchne\" \/><\/p>\n<p>Wir sind dann entgegen dem urspr\u00fcnglichen Plan doch nicht mehr feiern gegangen, sondern direkt nach Chemnitz gefahren. Bei dem Wetter wei\u00df man nie&#8230; Aber ist alles gut gelaufen.<\/p>\n","protected":false},"excerpt":{"rendered":"<p>Nach einem erholsamen freien Tag verbringen wir heute unsere Zeit im Kulturpalast Dresden. Wie in vielen Ostbauten gibt es hier eine sehr breite B\u00fchne \u2014 weil zu DDR &#8211; Zeiten ja der komplette Parteivorstand darauf Platz finden mu\u00dfte. F\u00fcr uns ist das nicht ganz ideal, weil unser B\u00fchnendesign auf eine 12m breite Guckkastenb\u00fchne konzipiert ist &hellip; <a href=\"https:\/\/www.tour-blog.de\/?p=65\" class=\"more-link\"><span class=\"screen-reader-text\">\u201eKulturpalast Dresden\u201c<\/span> weiterlesen<\/a><\/p>\n","protected":false},"author":7,"featured_media":0,"comment_status":"open","ping_status":"open","sticky":false,"template":"","format":"standard","meta":[],"categories":[11],"tags":[],"_links":{"self":[{"href":"https:\/\/www.tour-blog.de\/index.php?rest_route=\/wp\/v2\/posts\/65"}],"collection":[{"href":"https:\/\/www.tour-blog.de\/index.php?rest_route=\/wp\/v2\/posts"}],"about":[{"href":"https:\/\/www.tour-blog.de\/index.php?rest_route=\/wp\/v2\/types\/post"}],"author":[{"embeddable":true,"href":"https:\/\/www.tour-blog.de\/index.php?rest_route=\/wp\/v2\/users\/7"}],"replies":[{"embeddable":true,"href":"https:\/\/www.tour-blog.de\/index.php?rest_route=%2Fwp%2Fv2%2Fcomments&post=65"}],"version-history":[{"count":0,"href":"https:\/\/www.tour-blog.de\/index.php?rest_route=\/wp\/v2\/posts\/65\/revisions"}],"wp:attachment":[{"href":"https:\/\/www.tour-blog.de\/index.php?rest_route=%2Fwp%2Fv2%2Fmedia&parent=65"}],"wp:term":[{"taxonomy":"category","embeddable":true,"href":"https:\/\/www.tour-blog.de\/index.php?rest_route=%2Fwp%2Fv2%2Fcategories&post=65"},{"taxonomy":"post_tag","embeddable":true,"href":"https:\/\/www.tour-blog.de\/index.php?rest_route=%2Fwp%2Fv2%2Ftags&post=65"}],"curies":[{"name":"wp","href":"https:\/\/api.w.org\/{rel}","templated":true}]}}