{"id":644,"date":"2006-11-27T16:12:15","date_gmt":"2006-11-27T15:12:15","guid":{"rendered":"http:\/\/www.tour-blog.de\/?p=644"},"modified":"2006-11-27T16:19:06","modified_gmt":"2006-11-27T15:19:06","slug":"out","status":"publish","type":"post","link":"https:\/\/www.tour-blog.de\/?p=644","title":{"rendered":"Out"},"content":{"rendered":"<p>Ich bin altmodisch, neudeutsch &#8222;out&#8220;. Und das sagte man mir heute innerhalb einer Viertelstunde direkt zwei Mal direkt ins Gesicht. Bei Karstadt auf der M\u00f6nckebergstra\u00dfe. Dabei empfinde ich mich maximal als konservativ \u2014 und das ist ein erheblicher Unterschied.<\/p>\n<p>Seit etwa 20 Jahren ist &#8222;mein&#8220; Duft Armani classic. Er gef\u00e4llt mir, meine Haut vertr\u00e4gt ihn, ich nutze die gesamte Linie vom Duschgel \u00fcber AfterShave bis zum Deo. Nachdem es schon einige Zeit das Handpumpspray als Deo nicht mehr gibt, scheint nun auch das normale Spray aus dem Sortiment genommen worden zu sein; es gibt nur noch den DeoStick und den mag ich nicht. Find&#8216; ich ekelig. Die Verk\u00e4uferin sagt zu mir: &#8222;Die ganze Linie wird bald nicht mehr hergestellt; das benutzt doch kein Mensch mehr.&#8220; Doch. Ich.<\/p>\n<p>Vier Etagen weiter oben suche ich wei\u00dfe, b\u00fcgelfreie Hemden in 42 mit langem Arm, Manschettenknopfl\u00f6chern und ButtonDown &#8211; Kragen. Der Verk\u00e4ufer: &#8222;Das ist out, normale Kragen sind wieder angesagt.&#8220; Junge, das ist <em>mir<\/em> doch egal; <em>mir<\/em> gef\u00e4llt das nun mal besser als normale, ungekn\u00f6pfte Kr\u00e4gen. Ich fand dann noch drei sch\u00f6ne Eterna &#8211; Hemden und das reicht erst mal. Aber mu\u00df ich mich als Kunde, der wei\u00df was er will und sich nicht von einer Mode zur n\u00e4chsten hin und her werfen l\u00e4\u00dft, so behandeln lassen ?\u00a0 Gehe ich halt demn\u00e4chst zum Herrenausstatter.<\/p>\n","protected":false},"excerpt":{"rendered":"<p>Ich bin altmodisch, neudeutsch &#8222;out&#8220;. Und das sagte man mir heute innerhalb einer Viertelstunde direkt zwei Mal direkt ins Gesicht. Bei Karstadt auf der M\u00f6nckebergstra\u00dfe. Dabei empfinde ich mich maximal als konservativ \u2014 und das ist ein erheblicher Unterschied. Seit etwa 20 Jahren ist &#8222;mein&#8220; Duft Armani classic. Er gef\u00e4llt mir, meine Haut vertr\u00e4gt ihn, &hellip; <a href=\"https:\/\/www.tour-blog.de\/?p=644\" class=\"more-link\"><span class=\"screen-reader-text\">\u201eOut\u201c<\/span> weiterlesen<\/a><\/p>\n","protected":false},"author":7,"featured_media":0,"comment_status":"open","ping_status":"open","sticky":false,"template":"","format":"standard","meta":[],"categories":[20],"tags":[],"_links":{"self":[{"href":"https:\/\/www.tour-blog.de\/index.php?rest_route=\/wp\/v2\/posts\/644"}],"collection":[{"href":"https:\/\/www.tour-blog.de\/index.php?rest_route=\/wp\/v2\/posts"}],"about":[{"href":"https:\/\/www.tour-blog.de\/index.php?rest_route=\/wp\/v2\/types\/post"}],"author":[{"embeddable":true,"href":"https:\/\/www.tour-blog.de\/index.php?rest_route=\/wp\/v2\/users\/7"}],"replies":[{"embeddable":true,"href":"https:\/\/www.tour-blog.de\/index.php?rest_route=%2Fwp%2Fv2%2Fcomments&post=644"}],"version-history":[{"count":0,"href":"https:\/\/www.tour-blog.de\/index.php?rest_route=\/wp\/v2\/posts\/644\/revisions"}],"wp:attachment":[{"href":"https:\/\/www.tour-blog.de\/index.php?rest_route=%2Fwp%2Fv2%2Fmedia&parent=644"}],"wp:term":[{"taxonomy":"category","embeddable":true,"href":"https:\/\/www.tour-blog.de\/index.php?rest_route=%2Fwp%2Fv2%2Fcategories&post=644"},{"taxonomy":"post_tag","embeddable":true,"href":"https:\/\/www.tour-blog.de\/index.php?rest_route=%2Fwp%2Fv2%2Ftags&post=644"}],"curies":[{"name":"wp","href":"https:\/\/api.w.org\/{rel}","templated":true}]}}