{"id":611,"date":"2006-11-02T10:57:28","date_gmt":"2006-11-02T09:57:28","guid":{"rendered":"http:\/\/www.tour-blog.de\/?p=611"},"modified":"2007-11-01T12:29:07","modified_gmt":"2007-11-01T11:29:07","slug":"annett-in-wien","status":"publish","type":"post","link":"https:\/\/www.tour-blog.de\/?p=611","title":{"rendered":"Annett in Wien"},"content":{"rendered":"<p>Wie schon im <a href=\"https:\/\/www.tour-blog.de\/?p=181\" target=\"_blank\" title=\"Der Wiener Gig im Fr\u00fchjahr\">Fr\u00fchjahr<\/a>, so startete auch dieses Mal unsere \u00d6sterreichtour in der Wiener Halle F. Lu, der \u00f6rtliche technische Leiter, hatte alles perfekt vorbereitet und auch die Stadthallentechnik hat sich weiterentwickelt: die noch vor einem halben Jahr eingesetzten Dreierdosen sind alle verschwunden und haben professionellen L\u00f6sungen Platz gemacht. Und auch im Ton hat sich was getan; sehr zur Freude Peters gibt es extra f\u00fcr uns nun auch cardioid (nierenf\u00f6rmig) abstrahlende B\u00e4sse, die das R\u00fcckkopplungsrisiko beim Kontraba\u00df erheblich verringern. Nat\u00fcrlich haben wir die Gelegenheit genutzt, auch mal \u00fcber die Max Raabe &#8211; Termine in zwei Wochen zu sprechen; der Einbau der Revue ist hier nicht ganz einfach, die B\u00fchne eigentlich deutlich nicht hoch genug, die Beleuchtungsm\u00f6glichkeiten nicht immer im idealen Winkel und wir werden wegen mangelnder Tiefe die Projektion wie in Hannover <a href=\"https:\/\/www.tour-blog.de\/?p=344\" target=\"_blank\" title=\"Der Umlenkspiegel in Hannover\">mittels Spiegel<\/a> realisieren m\u00fcssen. Aber zusammen mit Lu werden wir all diese Probleme schon meistern und trotzdem was Sch\u00f6nes hinbauen.<\/p>\n<p style=\"text-align: center\"><img src=\"https:\/\/www.tour-blog.de\/2006\/11\/Wien-A\/Wien%201.jpg\" alt=\"Annett Louisan in Wien\" title=\"Annett Louisan in Wien\" \/><\/p>\n<p>Nach schnellem Aufbau und gut laufendem Soundcheck dann eine hervorragende Show. Eigentlich ist die Halle F bestuhlt. Wie Ihr sehen k\u00f6nnt, mu\u00df das aber kein Grund sein, die St\u00fchle auch zu nutzen ;-)<\/p>\n<p style=\"text-align: center\"><img src=\"https:\/\/www.tour-blog.de\/2006\/11\/Wien-A\/Wien%204.jpg\" alt=\"Annett Louisan in Wien\" title=\"Annett Louisan in Wien\" \/><\/p>\n<p>Au\u00dferdem ist mir aufgefallen, da\u00df es hier im Blog noch nie ein Photo unseres Sternenhimmels gab, der immer bei &#8222;Das Spiel&#8220; f\u00fcr Ooohhs sorgt. Das will ich hiermit nachgeholt haben.<\/p>\n<p style=\"text-align: center\"><img src=\"https:\/\/www.tour-blog.de\/2006\/11\/Wien-A\/Wien%202.jpg\" alt=\"Annett Louisan in Wien\" title=\"Annett Louisan in Wien\" \/><\/p>\n<p style=\"text-align: center\"><img src=\"https:\/\/www.tour-blog.de\/2006\/11\/Wien-A\/Wien%203.jpg\" alt=\"Christoph Buhse beim Konzert von Annett Louisan in Wien\" title=\"Christoph Buhse beim Konzert von Annett Louisan in Wien\" \/><\/p>\n<p>Au\u00dferdem mal ein Bild von Christoph Buhse, unserem Schlagzeuger. Meistens sind seine Photos verwackelt \u2014 Schlagzeuger bewegen sich halt schnell. Dies hier ist halbwegs gelungen und darum wollte ich es Euch nicht vorenthalten.<\/p>\n<p style=\"text-align: center\"><img src=\"https:\/\/www.tour-blog.de\/2006\/11\/Wien-A\/Ladeliste.jpg\" alt=\"Unsere Ladeliste\" title=\"Unsere Ladeliste\" \/><\/p>\n<p>Die Auslandstermine spielen wir nicht mit eigener mitgenommener, sondern im Wesentlichen mit \u00f6rtlicher Technik. Aber einen 3,5 Tonnen &#8211; Transporter voll mit Backline (Instrumente und deren Verst\u00e4rker) und Specials (der Sternenhimmel, die Mikrophonie und der komplette Ton &#8211; Frontplatz) haben wir schon mit dabei. Damit das abendliche Beladen immer schnell geht \u2014 die Hotelbars warten \u2014 habe ich eine bebilderte Ladeliste erstellt, bei der man genau sehen kann, welche Kiste wohin mu\u00df, damit es auch jeden Abend pa\u00dft.<\/p>\n","protected":false},"excerpt":{"rendered":"<p>Wie schon im Fr\u00fchjahr, so startete auch dieses Mal unsere \u00d6sterreichtour in der Wiener Halle F. Lu, der \u00f6rtliche technische Leiter, hatte alles perfekt vorbereitet und auch die Stadthallentechnik hat sich weiterentwickelt: die noch vor einem halben Jahr eingesetzten Dreierdosen sind alle verschwunden und haben professionellen L\u00f6sungen Platz gemacht. Und auch im Ton hat sich &hellip; <a href=\"https:\/\/www.tour-blog.de\/?p=611\" class=\"more-link\"><span class=\"screen-reader-text\">\u201eAnnett in Wien\u201c<\/span> weiterlesen<\/a><\/p>\n","protected":false},"author":7,"featured_media":0,"comment_status":"open","ping_status":"open","sticky":false,"template":"","format":"standard","meta":[],"categories":[11],"tags":[],"_links":{"self":[{"href":"https:\/\/www.tour-blog.de\/index.php?rest_route=\/wp\/v2\/posts\/611"}],"collection":[{"href":"https:\/\/www.tour-blog.de\/index.php?rest_route=\/wp\/v2\/posts"}],"about":[{"href":"https:\/\/www.tour-blog.de\/index.php?rest_route=\/wp\/v2\/types\/post"}],"author":[{"embeddable":true,"href":"https:\/\/www.tour-blog.de\/index.php?rest_route=\/wp\/v2\/users\/7"}],"replies":[{"embeddable":true,"href":"https:\/\/www.tour-blog.de\/index.php?rest_route=%2Fwp%2Fv2%2Fcomments&post=611"}],"version-history":[{"count":0,"href":"https:\/\/www.tour-blog.de\/index.php?rest_route=\/wp\/v2\/posts\/611\/revisions"}],"wp:attachment":[{"href":"https:\/\/www.tour-blog.de\/index.php?rest_route=%2Fwp%2Fv2%2Fmedia&parent=611"}],"wp:term":[{"taxonomy":"category","embeddable":true,"href":"https:\/\/www.tour-blog.de\/index.php?rest_route=%2Fwp%2Fv2%2Fcategories&post=611"},{"taxonomy":"post_tag","embeddable":true,"href":"https:\/\/www.tour-blog.de\/index.php?rest_route=%2Fwp%2Fv2%2Ftags&post=611"}],"curies":[{"name":"wp","href":"https:\/\/api.w.org\/{rel}","templated":true}]}}