{"id":566,"date":"2006-09-25T19:17:59","date_gmt":"2006-09-25T18:17:59","guid":{"rendered":"http:\/\/www.tour-blog.de\/?p=566"},"modified":"2006-09-26T01:23:44","modified_gmt":"2006-09-26T00:23:44","slug":"fahrt-von-kunzelsau-nach-basel","status":"publish","type":"post","link":"https:\/\/www.tour-blog.de\/?p=566","title":{"rendered":"Fahrt von K\u00fcnzelsau nach Basel"},"content":{"rendered":"<p>Morgens erst mal ausgeschlafen. Tat echt gut. Dann noch eben mal bei der <a title=\"Marbet\" target=\"_blank\" href=\"http:\/\/www.marbet.com\/deutsch\/html\/index.html\">Marbet<\/a>, der den beiden W\u00fcrth &#8211; T\u00f6chtern geh\u00f6renden Veranstaltungsagentur, die f\u00fcr die letzten Tage verantwortlich war, vorbeigeschaut, Bilder getauscht, kurz \u00fcber Schwachpunkte in den letzten Tagen und \u00fcber zuk\u00fcnftige Projekte gesprochen und mich dann ins Auto nach Basel gesetzt, wo ab morgen Max Raabe ansteht. Die Fahrt war ein wenig frustrierend, weil ich vom strahlenden Sonnenschein in regnerisches (sorry) Schei\u00dfwetter gefahren bin. Tut echt nicht not. Da entspanne ich mich jetzt und bin verwundert, da\u00df wirklich mit der Grenze die Leute ganz anders reden. Ich hatte eher mit einem flie\u00dfenden \u00dcbergang gerechnet, aber der ist wirklich sehr hart. Euch auch einen sch\u00f6nen Abend.<\/p>\n<p>Abends noch Melanie, unsere Lichtfrau, vom Flughafen abgeholt. Wer in Basel schon mal dort war wird es kennen: Freiburg, Mulhouse und Basel teilen sich einen gemeinsamen Flughafen auf franz\u00f6sischem Boden. Da Basel zur Schweiz geh\u00f6rt und somit kein EU &#8211; Mitglied ist, gibt es am Terminal einfach zwei verschiedene Ausg\u00e4nge, vor denen zwei unterschiedliche Abfertigungen stattfinden: Einreise in die EU (via Frankreich) und Einreise in die Schweiz. Sehr witziges System.<\/p>\n","protected":false},"excerpt":{"rendered":"<p>Morgens erst mal ausgeschlafen. Tat echt gut. Dann noch eben mal bei der Marbet, der den beiden W\u00fcrth &#8211; T\u00f6chtern geh\u00f6renden Veranstaltungsagentur, die f\u00fcr die letzten Tage verantwortlich war, vorbeigeschaut, Bilder getauscht, kurz \u00fcber Schwachpunkte in den letzten Tagen und \u00fcber zuk\u00fcnftige Projekte gesprochen und mich dann ins Auto nach Basel gesetzt, wo ab morgen &hellip; <a href=\"https:\/\/www.tour-blog.de\/?p=566\" class=\"more-link\"><span class=\"screen-reader-text\">\u201eFahrt von K\u00fcnzelsau nach Basel\u201c<\/span> weiterlesen<\/a><\/p>\n","protected":false},"author":7,"featured_media":0,"comment_status":"open","ping_status":"open","sticky":false,"template":"","format":"standard","meta":[],"categories":[8],"tags":[],"_links":{"self":[{"href":"https:\/\/www.tour-blog.de\/index.php?rest_route=\/wp\/v2\/posts\/566"}],"collection":[{"href":"https:\/\/www.tour-blog.de\/index.php?rest_route=\/wp\/v2\/posts"}],"about":[{"href":"https:\/\/www.tour-blog.de\/index.php?rest_route=\/wp\/v2\/types\/post"}],"author":[{"embeddable":true,"href":"https:\/\/www.tour-blog.de\/index.php?rest_route=\/wp\/v2\/users\/7"}],"replies":[{"embeddable":true,"href":"https:\/\/www.tour-blog.de\/index.php?rest_route=%2Fwp%2Fv2%2Fcomments&post=566"}],"version-history":[{"count":0,"href":"https:\/\/www.tour-blog.de\/index.php?rest_route=\/wp\/v2\/posts\/566\/revisions"}],"wp:attachment":[{"href":"https:\/\/www.tour-blog.de\/index.php?rest_route=%2Fwp%2Fv2%2Fmedia&parent=566"}],"wp:term":[{"taxonomy":"category","embeddable":true,"href":"https:\/\/www.tour-blog.de\/index.php?rest_route=%2Fwp%2Fv2%2Fcategories&post=566"},{"taxonomy":"post_tag","embeddable":true,"href":"https:\/\/www.tour-blog.de\/index.php?rest_route=%2Fwp%2Fv2%2Ftags&post=566"}],"curies":[{"name":"wp","href":"https:\/\/api.w.org\/{rel}","templated":true}]}}