{"id":565,"date":"2006-09-25T19:10:40","date_gmt":"2006-09-25T18:10:40","guid":{"rendered":"http:\/\/www.tour-blog.de\/?p=565"},"modified":"2006-09-25T19:10:40","modified_gmt":"2006-09-25T18:10:40","slug":"der-abbau-bei-wurth","status":"publish","type":"post","link":"https:\/\/www.tour-blog.de\/?p=565","title":{"rendered":"Der Abbau bei W\u00fcrth"},"content":{"rendered":"<p>Am Sonntag dann um 09:00 Abbaubeginn. Ich finde das immer recht komisch: da hat man nun tagelang an einem Job herumgearbeitet, alles gegeben, kaum geschlafen \u2014 und dann wird es wieder abgerissen und \u00fcbrig bleibt nichts weiter, als Container voll M\u00fcll. Ich bin danach auch immer ein wenig wie ausgebrannt und etwas deprimiert. Aber so ist das halt und bald kommen ja auch die n\u00e4chsten spannenden Aufgaben.<\/p>\n<div style=\"text-align: center\"><a target=\"_blank\" title=\"Ein Blick in die Runde beim Abbau\" href=\"https:\/\/www.tour-blog.de\/2006\/09\/Wuerth\/innen Abbau 1 3000.jpg\"><img alt=\"Noch mal ein Blick beim Abbau\" title=\"Noch mal ein Blick beim Abbau\" src=\"https:\/\/www.tour-blog.de\/2006\/09\/Wuerth\/innen Abbau 1 700.jpg\" \/><\/a><\/div>\n<p>Zum Gl\u00fcck lief der Abbau recht geschmeidig und tats\u00e4chlich war um 18:00 Uhr das Zelt leer und klang wieder genau so hallig, wie am Dienstag bei Aufbaubeginn. Zum Schlu\u00df will ich Euch noch mal ein Photo von oben zeigen.<\/p>\n<div style=\"text-align: center\"><a target=\"_blank\" title=\"Blick von oben auf unser Zelt\" href=\"https:\/\/www.tour-blog.de\/2006\/09\/Wuerth\/oben 3000.jpg\"><img alt=\"Blick von oben auf unser Zelt\" title=\"Blick von oben auf unser Zelt\" src=\"https:\/\/www.tour-blog.de\/2006\/09\/Wuerth\/oben 700.jpg\" \/><\/a><\/div>\n","protected":false},"excerpt":{"rendered":"<p>Am Sonntag dann um 09:00 Abbaubeginn. Ich finde das immer recht komisch: da hat man nun tagelang an einem Job herumgearbeitet, alles gegeben, kaum geschlafen \u2014 und dann wird es wieder abgerissen und \u00fcbrig bleibt nichts weiter, als Container voll M\u00fcll. Ich bin danach auch immer ein wenig wie ausgebrannt und etwas deprimiert. Aber so &hellip; <a href=\"https:\/\/www.tour-blog.de\/?p=565\" class=\"more-link\"><span class=\"screen-reader-text\">\u201eDer Abbau bei W\u00fcrth\u201c<\/span> weiterlesen<\/a><\/p>\n","protected":false},"author":7,"featured_media":0,"comment_status":"open","ping_status":"open","sticky":false,"template":"","format":"standard","meta":[],"categories":[13],"tags":[],"_links":{"self":[{"href":"https:\/\/www.tour-blog.de\/index.php?rest_route=\/wp\/v2\/posts\/565"}],"collection":[{"href":"https:\/\/www.tour-blog.de\/index.php?rest_route=\/wp\/v2\/posts"}],"about":[{"href":"https:\/\/www.tour-blog.de\/index.php?rest_route=\/wp\/v2\/types\/post"}],"author":[{"embeddable":true,"href":"https:\/\/www.tour-blog.de\/index.php?rest_route=\/wp\/v2\/users\/7"}],"replies":[{"embeddable":true,"href":"https:\/\/www.tour-blog.de\/index.php?rest_route=%2Fwp%2Fv2%2Fcomments&post=565"}],"version-history":[{"count":0,"href":"https:\/\/www.tour-blog.de\/index.php?rest_route=\/wp\/v2\/posts\/565\/revisions"}],"wp:attachment":[{"href":"https:\/\/www.tour-blog.de\/index.php?rest_route=%2Fwp%2Fv2%2Fmedia&parent=565"}],"wp:term":[{"taxonomy":"category","embeddable":true,"href":"https:\/\/www.tour-blog.de\/index.php?rest_route=%2Fwp%2Fv2%2Fcategories&post=565"},{"taxonomy":"post_tag","embeddable":true,"href":"https:\/\/www.tour-blog.de\/index.php?rest_route=%2Fwp%2Fv2%2Ftags&post=565"}],"curies":[{"name":"wp","href":"https:\/\/api.w.org\/{rel}","templated":true}]}}