{"id":564,"date":"2006-09-23T16:38:34","date_gmt":"2006-09-23T15:38:34","guid":{"rendered":"http:\/\/www.tour-blog.de\/?p=564"},"modified":"2006-09-25T18:57:33","modified_gmt":"2006-09-25T17:57:33","slug":"der-dritte-wurth-tag-%e2%80%94-ehrungsgala","status":"publish","type":"post","link":"https:\/\/www.tour-blog.de\/?p=564","title":{"rendered":"Der dritte W\u00fcrth &#8211; Tag \u2014 Ehrungsgala"},"content":{"rendered":"<p>Nach vier Stunden Schlaf wegen des Umbaus dann der dritte Tag hier. Nach zwei recht &#8222;rustikalen&#8220; Tagen war der dritte schon deutlich eleganter, es ging n\u00e4mlich darum, Angestellte f\u00fcr deren langj\u00e4hrige Mitarbeit zu danken. Die Biertischbestuhlung wurde komplett entfernt, das Zelt zweigeteilt und in einem Teil eine stufige B\u00fchne mit gepolsteter Reihenbestuhlung aufgebaut, im anderen Teil eine edle Partyzone eingerichtet.<\/p>\n<div style=\"text-align: center\"><img alt=\"Dekoelemente\" title=\"Dekoelemente\" src=\"https:\/\/www.tour-blog.de\/2006\/09\/Wuerth\/Deko 700.jpg\" \/><\/div>\n<p>Das Motto &#8222;Leistung fordern und f\u00f6rdern&#8220; h\u00f6rt sich jetzt erst mal ganz stark nach Bundesagentur f\u00fcr Arbeit und Hartz IV an, ist aber seit langem eines der Motti bei W\u00fcrth. Man ist sehr stolz darauf, dieses Jahr wieder \u00fcber 330 neue Auszubildende eingestellt zu haben, weil man darin die Investition in die Zukunft des Unternehmens sieht und auch eine moralische Verpflichtung als Unternehmen gegen\u00fcber der Gesellschaft. Da\u00df dabei auf die indivituellen F\u00e4higkeiten des Einzelnen geachtet wird, zeigt beispielsweise der heutige Werksleiter des Stammbetriebs, der vor \u00fcber 25 Jahren als einfacher Lehrling begann. Oder eben die Jubilare. Der \u00e4lteste von ihnen, der seine 50j\u00e4hrige Betriebszugeh\u00f6rigkeit feiern konnte (jaja, sowas gibt&#8217;s noch), kam als 14j\u00e4hriger mit Volksschulabschlu\u00df in den Betrieb und ist\/war (er ist faktisch mit der Ehrung in Rente gegangen) ein leitender Mitarbeiter im Einkauf.<\/p>\n<div style=\"text-align: center\"><img alt=\"Der Werkschor bei der Ehrungsfeier\" title=\"Der Werkschor bei der Ehrungsfeier\" src=\"https:\/\/www.tour-blog.de\/2006\/09\/Wuerth\/Chor 700.jpg\" \/><\/div>\n<p>Begonnen wurde die Feier mit drei Liedern des Werkschores (es gibt auch eine ziemlich gute Werksband). Da\u00df der Rest der eigentlichen Feierstunde f\u00fcr Au\u00dfenstehende eher etwas trocken war, ist ja schon verst\u00e4ndlich. Erstaunlich f\u00fcr mich aber, wie viele Mitarbeiter allein im Stammbetrieb schon seit 25 und mehr Jahren dabei sind; von den Leuten die es auf 20 oder 10 Jahre gebracht haben mal gar nicht zu sprechen.<\/p>\n<div style=\"text-align: center\"><a target=\"_blank\" title=\"W\u00e4hrend der Feierstunde bei W\u00fcrth\" href=\"https:\/\/www.tour-blog.de\/2006\/09\/Wuerth\/innen 6 3000.jpg\"><img alt=\"W\u00e4hrend der Feierstunde bei W\u00fcrth\" title=\"W\u00e4hrend der Feierstunde bei W\u00fcrth\" src=\"https:\/\/www.tour-blog.de\/2006\/09\/Wuerth\/innen 6 700.jpg\" \/><\/a><\/div>\n<p>Alle Jubilare wurden aufgerufen, es gab Geschichtchen aus der gemeinsamen Zeit, teilweise ganz witzig gemachte Videos. Auf dem Photo sehr Ihr recht gut die Trennung der zwei Teile, die wir aufgebaut hatten. Es sind mit Gaze bespannte Rahmen, die von innen per LED &#8211; Stripes beleuchtet werden. Dadurch waren alle Farben und auch Farbverl\u00e4ufe m\u00f6glich, was wirklich sehr gut aussah.<\/p>\n<div style=\"text-align: center\"><a target=\"_blank\" title=\"Der \u00dcbergang zwischen Feierstunde und Party\" href=\"https:\/\/www.tour-blog.de\/2006\/09\/Wuerth\/innen 7 3000.jpg\"><img alt=\"Der \u00dcbergang zwischen Feierstunde und Party\" title=\"Der \u00dcbergang zwischen Feierstunde und Party\" src=\"https:\/\/www.tour-blog.de\/2006\/09\/Wuerth\/innen 7 700.jpg\" \/><\/a><\/div>\n<p>Dieses Photo zeigt den \u00dcbergang zwischen offizieller Feierstunde und Party. Sp\u00e4ter wurde der Ehrungsb\u00fchnenbereich abgedunkelt, so da\u00df nur noch die Partylocation blieb; abgegrenzt wieder durch die beleuchteten Rahmen.<\/p>\n<p><a target=\"_blank\" title=\"W\u00e4hrend der Party bei W\u00fcrth\" href=\"https:\/\/www.tour-blog.de\/2006\/09\/Wuerth\/innen 9 3000.jpg\"><\/p>\n<div style=\"text-align: center\"><img alt=\"W\u00e4hrend der Party\" title=\"W\u00e4hrend der Party\" src=\"https:\/\/www.tour-blog.de\/2006\/09\/Wuerth\/innen 9 700.jpg\" \/><\/div>\n<p><\/a><\/p>\n<p>Die Party ist wohl ganz gut angekommen, denn das Ende war erst tief in der Nacht. Es gab verschiedene Bereiche, Sofas, E\u00dftische, Stehtische, einen Barbereich und nat\u00fcrlich eine Tanzfl\u00e4che, die sp\u00e4ter gut frequentiert wurde.<\/p>\n<div style=\"text-align: center\"><img alt=\"Die Band des Abend\" title=\"Die Band des Abend\" src=\"https:\/\/www.tour-blog.de\/2006\/09\/Wuerth\/Band 700.jpg\" \/><\/div>\n<p>Mit zum Gelingen beigetragen hat ganz sicher auch die Band des Abend, die aus lokalen Gr\u00f6\u00dfen bestand, aber auch mir sehr gut gefallen hat. Bei so einer Feier ist es ja nicht ganz einfach, immer den richtigen Song zu treffen und diese Truppe hatte das echt gut drauf. Sehr stolz sind wir \u00fcbrigens auch auf den extra f\u00fcr diese Veranstaltung gefertigten beleuchteten Hintergrund. Der ist recht einfach aufzubauen, da modular und ich \u00fcberlege schon, ob ich da nicht eine ganz bestimmte K\u00fcnstlerin kenne, bei der ich sowas auch gerne mal mitnehmen w\u00fcrde.<\/p>\n<p>Nachts dann schnell ins Bett, damit noch Energie f\u00fcr den Abbau da ist.<\/p>\n","protected":false},"excerpt":{"rendered":"<p>Nach vier Stunden Schlaf wegen des Umbaus dann der dritte Tag hier. Nach zwei recht &#8222;rustikalen&#8220; Tagen war der dritte schon deutlich eleganter, es ging n\u00e4mlich darum, Angestellte f\u00fcr deren langj\u00e4hrige Mitarbeit zu danken. Die Biertischbestuhlung wurde komplett entfernt, das Zelt zweigeteilt und in einem Teil eine stufige B\u00fchne mit gepolsteter Reihenbestuhlung aufgebaut, im anderen &hellip; <a href=\"https:\/\/www.tour-blog.de\/?p=564\" class=\"more-link\"><span class=\"screen-reader-text\">\u201eDer dritte W\u00fcrth &#8211; Tag \u2014 Ehrungsgala\u201c<\/span> weiterlesen<\/a><\/p>\n","protected":false},"author":7,"featured_media":0,"comment_status":"open","ping_status":"open","sticky":false,"template":"","format":"standard","meta":[],"categories":[13],"tags":[],"_links":{"self":[{"href":"https:\/\/www.tour-blog.de\/index.php?rest_route=\/wp\/v2\/posts\/564"}],"collection":[{"href":"https:\/\/www.tour-blog.de\/index.php?rest_route=\/wp\/v2\/posts"}],"about":[{"href":"https:\/\/www.tour-blog.de\/index.php?rest_route=\/wp\/v2\/types\/post"}],"author":[{"embeddable":true,"href":"https:\/\/www.tour-blog.de\/index.php?rest_route=\/wp\/v2\/users\/7"}],"replies":[{"embeddable":true,"href":"https:\/\/www.tour-blog.de\/index.php?rest_route=%2Fwp%2Fv2%2Fcomments&post=564"}],"version-history":[{"count":0,"href":"https:\/\/www.tour-blog.de\/index.php?rest_route=\/wp\/v2\/posts\/564\/revisions"}],"wp:attachment":[{"href":"https:\/\/www.tour-blog.de\/index.php?rest_route=%2Fwp%2Fv2%2Fmedia&parent=564"}],"wp:term":[{"taxonomy":"category","embeddable":true,"href":"https:\/\/www.tour-blog.de\/index.php?rest_route=%2Fwp%2Fv2%2Fcategories&post=564"},{"taxonomy":"post_tag","embeddable":true,"href":"https:\/\/www.tour-blog.de\/index.php?rest_route=%2Fwp%2Fv2%2Ftags&post=564"}],"curies":[{"name":"wp","href":"https:\/\/api.w.org\/{rel}","templated":true}]}}