{"id":515,"date":"2006-08-30T08:39:53","date_gmt":"2006-08-30T07:39:53","guid":{"rendered":"http:\/\/www.tour-blog.de\/?p=515"},"modified":"2008-03-12T17:29:44","modified_gmt":"2008-03-12T16:29:44","slug":"konzerttip-julia-schilinski","status":"publish","type":"post","link":"https:\/\/www.tour-blog.de\/?p=515","title":{"rendered":"Konzerttip: Julia Schilinski"},"content":{"rendered":"<p>Vor ein paar Wochen berichtete ich ja vom <a href=\"https:\/\/www.tour-blog.de\/?p=248\" title=\"Konzertkritik des Julia Schilinski - Konzertes\" target=\"_blank\">CD Release &#8211; Konzert<\/a> von <a href=\"http:\/\/www.juliasmusik.de\" title=\"Julia Schilinski\" target=\"_blank\">Julia Schilinski<\/a>. Nachdem sie gerade erst mit <a href=\"http:\/\/www.stefangwildis.de\/\" title=\"Stefan Gwildis\" target=\"_blank\">Stefan Gwildis<\/a> im komplett ausverkauften Stadtpark auf der B\u00fchne gestande hat, spielt sie am morgigen Donnerstag (31.08.2006) wieder ihr eigenes Programm in der <a href=\"http:\/\/www.diemotte.de\/\" title=\"Die Motte\" target=\"_blank\">Motte<\/a> in Ottensen. Da ich mit Max besch\u00e4ftigt bin, kann ich dummerweise nicht hin, aber f\u00fcr Euch die beste Gelegenheit, sich ihre wirklich tolle Musik anzuh\u00f6ren; zumal der Eintritt mit 8\u20ac (6\u20ac) \u00e4u\u00dferst erschwinglich ist. Hingeh&#8217;n !<\/p>\n","protected":false},"excerpt":{"rendered":"<p>Vor ein paar Wochen berichtete ich ja vom CD Release &#8211; Konzert von Julia Schilinski. Nachdem sie gerade erst mit Stefan Gwildis im komplett ausverkauften Stadtpark auf der B\u00fchne gestande hat, spielt sie am morgigen Donnerstag (31.08.2006) wieder ihr eigenes Programm in der Motte in Ottensen. Da ich mit Max besch\u00e4ftigt bin, kann ich dummerweise &hellip; <a href=\"https:\/\/www.tour-blog.de\/?p=515\" class=\"more-link\"><span class=\"screen-reader-text\">\u201eKonzerttip: Julia Schilinski\u201c<\/span> weiterlesen<\/a><\/p>\n","protected":false},"author":7,"featured_media":0,"comment_status":"open","ping_status":"open","sticky":false,"template":"","format":"standard","meta":[],"categories":[41],"tags":[],"_links":{"self":[{"href":"https:\/\/www.tour-blog.de\/index.php?rest_route=\/wp\/v2\/posts\/515"}],"collection":[{"href":"https:\/\/www.tour-blog.de\/index.php?rest_route=\/wp\/v2\/posts"}],"about":[{"href":"https:\/\/www.tour-blog.de\/index.php?rest_route=\/wp\/v2\/types\/post"}],"author":[{"embeddable":true,"href":"https:\/\/www.tour-blog.de\/index.php?rest_route=\/wp\/v2\/users\/7"}],"replies":[{"embeddable":true,"href":"https:\/\/www.tour-blog.de\/index.php?rest_route=%2Fwp%2Fv2%2Fcomments&post=515"}],"version-history":[{"count":0,"href":"https:\/\/www.tour-blog.de\/index.php?rest_route=\/wp\/v2\/posts\/515\/revisions"}],"wp:attachment":[{"href":"https:\/\/www.tour-blog.de\/index.php?rest_route=%2Fwp%2Fv2%2Fmedia&parent=515"}],"wp:term":[{"taxonomy":"category","embeddable":true,"href":"https:\/\/www.tour-blog.de\/index.php?rest_route=%2Fwp%2Fv2%2Fcategories&post=515"},{"taxonomy":"post_tag","embeddable":true,"href":"https:\/\/www.tour-blog.de\/index.php?rest_route=%2Fwp%2Fv2%2Ftags&post=515"}],"curies":[{"name":"wp","href":"https:\/\/api.w.org\/{rel}","templated":true}]}}