{"id":5,"date":"2006-01-23T16:16:41","date_gmt":"2006-01-23T15:16:41","guid":{"rendered":"http:\/\/www.tour-blog.de\/?p=5"},"modified":"2011-01-23T13:49:12","modified_gmt":"2011-01-23T12:49:12","slug":"erster-eintrag","status":"publish","type":"post","link":"https:\/\/www.tour-blog.de\/?p=5","title":{"rendered":"erster Eintrag"},"content":{"rendered":"<p>Moin zusammen,<\/p>\n<p>da ist es nun, mein Blog. Nachdem mich mehrere Leute gedr\u00e4ngt haben, doch sowas mal zu schreiben, fange ich einfach mal an. Gerade laufen Vorbereitungen zur Tour von Annett Louisan. Probenbeginn ist n\u00e4chste Woche Montag und gerade eben haben wir uns geeinigt, wie wir denn jetzt technisch \u00fcberhaupt die relativ geringe Deko umsetzen. Da f\u00e4ngt in Bielefeld jetzt ein Schreiner an zu werkeln.<\/p>\n<p>Au\u00dferdem habe ich heute erst mal die Arbeit der letzten zwei Wochen &#8212; &#8222;Shaolin &#8211; M\u00f6nche&#8220; und &#8222;Das Phantom der Oper&#8220; im Schiller Theater Berlin abgeschlossen. Da bin ich ja erst gestern von wiedergekommen. Und waschen mu\u00df ich auch ganz viel, denn Mittwoch haben wir mit Annett noch &#8217;n Promogig in Ulm. Ich hoffe, da\u00df das Wetter trocken bleibt, damit ich mit dem Transporter nicht dorthin schlittere.<\/p>\n<p>Jetzt mu\u00df ich nur noch herausbekommen, wie ich hier auch Bilder ver\u00f6ffentlichen kann. Geht bestimmt.<\/p>\n","protected":false},"excerpt":{"rendered":"<p>Moin zusammen, da ist es nun, mein Blog. Nachdem mich mehrere Leute gedr\u00e4ngt haben, doch sowas mal zu schreiben, fange ich einfach mal an. Gerade laufen Vorbereitungen zur Tour von Annett Louisan. Probenbeginn ist n\u00e4chste Woche Montag und gerade eben haben wir uns geeinigt, wie wir denn jetzt technisch \u00fcberhaupt die relativ geringe Deko umsetzen. &hellip; <a href=\"https:\/\/www.tour-blog.de\/?p=5\" class=\"more-link\"><span class=\"screen-reader-text\">\u201eerster Eintrag\u201c<\/span> weiterlesen<\/a><\/p>\n","protected":false},"author":7,"featured_media":0,"comment_status":"open","ping_status":"open","sticky":false,"template":"","format":"standard","meta":[],"categories":[1,11],"tags":[],"_links":{"self":[{"href":"https:\/\/www.tour-blog.de\/index.php?rest_route=\/wp\/v2\/posts\/5"}],"collection":[{"href":"https:\/\/www.tour-blog.de\/index.php?rest_route=\/wp\/v2\/posts"}],"about":[{"href":"https:\/\/www.tour-blog.de\/index.php?rest_route=\/wp\/v2\/types\/post"}],"author":[{"embeddable":true,"href":"https:\/\/www.tour-blog.de\/index.php?rest_route=\/wp\/v2\/users\/7"}],"replies":[{"embeddable":true,"href":"https:\/\/www.tour-blog.de\/index.php?rest_route=%2Fwp%2Fv2%2Fcomments&post=5"}],"version-history":[{"count":0,"href":"https:\/\/www.tour-blog.de\/index.php?rest_route=\/wp\/v2\/posts\/5\/revisions"}],"wp:attachment":[{"href":"https:\/\/www.tour-blog.de\/index.php?rest_route=%2Fwp%2Fv2%2Fmedia&parent=5"}],"wp:term":[{"taxonomy":"category","embeddable":true,"href":"https:\/\/www.tour-blog.de\/index.php?rest_route=%2Fwp%2Fv2%2Fcategories&post=5"},{"taxonomy":"post_tag","embeddable":true,"href":"https:\/\/www.tour-blog.de\/index.php?rest_route=%2Fwp%2Fv2%2Ftags&post=5"}],"curies":[{"name":"wp","href":"https:\/\/api.w.org\/{rel}","templated":true}]}}