{"id":48,"date":"2006-02-04T17:50:51","date_gmt":"2006-02-04T16:50:51","guid":{"rendered":"http:\/\/www.tour-blog.de\/?p=48"},"modified":"2006-12-16T16:20:53","modified_gmt":"2006-12-16T15:20:53","slug":"dortmund","status":"publish","type":"post","link":"https:\/\/www.tour-blog.de\/?p=48","title":{"rendered":"Dortmund"},"content":{"rendered":"<p>Gestern waren wir mit unserer kleinen Tour dann in Dortmund in der Westfalenhalle&#8230;.. nein, leider nicht in Halle 1, der Legende unter den deutschen Hallen, sondern &#8222;nur&#8220; in Halle 3. Halle 1 ist n\u00e4chstes Jahr dran :-)<\/p>\n<p>Als ich aus dem Nightliner stieg, war ich erst einmal irritiert und mein erster Gedanke war, da\u00df Andreas, unser Fahrer, uns vor die falsche Halle kutschiert hat. Ich stand in einer Art Tiefgarage. Als ich dann suchend umherirrte sah ich pl\u00f6tzlich Geb\u00e4udeteile, die mir bekannt vorkamen und nach kurzer Zeit auch das &#8222;U&#8220; auf der Kuppel der Halle 1. Da hatte man seit meinem letzten Besuch in Dortmund vor andertalb Jahren doch glatt mal eben eine neue Halle gebaut. Wir waren durchaus richtig, Andreas hatte sich nicht verfahren, alles gut.<\/p>\n<div style=\"text-align: center\"><a title=\"Dortmund Westfalenhalle 3 gro\u00dfe Ansicht\" target=\"_blank\" href=\"https:\/\/www.tour-blog.de\/2006\/02\/Dortmund.jpg\"><img title=\"Dortmund Westfalenhalle 3 Vorschau\" alt=\"Dortmund Westfalenhalle 3 Vorschau\" src=\"https:\/\/www.tour-blog.de\/2006\/02\/Dortmund%20700.jpg\" \/><\/a><\/div>\n<p>Als ich dann in die Halle kam, direkt die n\u00e4chste \u00dcberraschung: die Hausmitarbeiter fugen, warum wir denn erst jetzt, also um 09:00 Uhr aufkreuzen w\u00fcrden. Das Rigg solle doch seit 07:00 gebaut werden. Hmmm, da hatte wohl eine Kette in der Kommunikation nicht funktioniert. Ich hatte Tags zuvor mit dem \u00f6rtlichen Veranstalter vereinbart, da\u00df wir Aufgrund unseres schnellen Aufbaus auf eine fr\u00fchere Zeit f\u00fcr&#8217;s Prerigg verzichten. Prerigg&#8230;. wenn die M\u00f6glichkeiten der Halle, Lichttechnik aufzuh\u00e4ngen, nicht mit unseren Anforderungen \u00fcbereinstimmen, dann mu\u00df man sich eine Behelfskonstruktion ins Dach h\u00e4ngen, damit die notwendigen H\u00e4ngepunkte genau dort sind, wo wir sie brauchen. Das ist das Prerigg. Na ja. Daf\u00fcr fingen wir halt p\u00fcnktlich um 09:00 an.<\/p>\n<p>Wie schon vor ein paar Tagen angek\u00fcndigt, war <a title=\"Julia Kappus\" target=\"_blank\" href=\"hppt:\/\/www.jottkah.de\">Julia Kappus<\/a> heute hier und hat Photos geschossen. Zum einen Technikphotos f\u00fcr meine &#8222;kommerzielle&#8220; Internetseite und dann Abends nat\u00fcrlich auch Showphotos. Sie hat Unmengen tollen an Bildern gemacht. Die Technikphotos kommen sp\u00e4ter in einen eigenen Beitrag, Showphotos k\u00f6nnt Ihr nach dem &#8222;Weiterlesen&#8220; &#8211; Link sehen und auch das Portrait von Sascha Merle ist ein von ihr gemachtes Bild.<\/p>\n<p>Im Betrag \u00fcber Sascha hatte ich schon angedeutet, da\u00df er gestern gut zu tun hatte. Wir haben n\u00e4mlich ein Lautsprecherproblem. Die Spulen der Hocht\u00f6ner unserer Lautsprecher sind mit dem Konus mit einem Kleber verklebt, der wohl nicht einwandfrei ist. Das ist leider ein bekanntes Problem dieser Lautsprecherserie. Gestern sind dann leider direkt mehrere Hocht\u00f6ner ausgefallen und Sascha mu\u00dfte sie alle austauschen, w\u00e4hrend die systeme schon an der Decke hingen. Er ist also fr\u00f6hlich mit dem Steiger rauf und runter gefahren. Wir vermuten mal, da\u00df es vielleicht an den gro\u00dfen Temperaturunterschieden tags\u00fcber in den Hallen und Nachts im Truck liegt, aber keiner wei\u00df nichts genaues nicht. Jedenfalls war zur Show alles wieder in Ordnung und Sascha fertig.<\/p>\n<p>Die Show dann noch besser als die zwei zuvor. Suuuuperpublikum. Spontan und ungeprobt wurde im Zugabenteil dann noch &#8222;Die Dinge&#8220; gespielt, wobei 1\/3 des Textes gar nicht von Annett, sondern von den Leuten im Saal gesungen wurde. Sehr sch\u00f6n. So Sachen kann man nur mit einer wirklich guten Band machen \u2014 eben mit unserer.<\/p>\n<p>Der Abbau dann ein wenig nervig. Wir haben sehr teure und\/oder seltene Instrumente auf der B\u00fchne; &#8217;ne Gitarre kann dann mal eben 3.500,00\u20ac kosten, von den alten Instrumenten wollen wir mal gar nicht reden. Darum gehen die ersten Minuten immer erst sehr langsam, eben bis alle Saiteninstrumente von der B\u00fchne sind. Die Hands (\u00f6rtlichen Helfer) moserten rum, das solle mal schneller geh&#8217;n, wir w\u00fc\u00dften ja nicht, was wir tun, bei anderen Produktionen h\u00e4tten sie ja sowas noch nie erlebt&#8230;. Wie gestern Abend schon kurz geschrieben, kotzen mich solche Kommentare an. Wir wissen schon genau, was wir tun und warum wir was tun. Dann haben Hands noch &#8217;n Scharnier vom Orgelcase abgerissen, aber trotzdem waren wir kurz vor 01:00 Uhr fertig.<\/p>\n<p><!--more--> Hier nun Julias Bilder vom Konzert. Im Gegensatz zu den sonstigen Bildern auf dieser Seite ist die freie Nutzung der Bilder <strong>nicht<\/strong> gestattet; sie unterliegen einem Copyright und auch das private Nutzen unterliegt Auflagen. Bitte kontaktiert <a title=\"Julia Kappus\" target=\"_blank\" href=\"http:\/\/www.jottkah.de\">Julia<\/a>, wenn Ihr an den Bildern interessiert seid.<\/p>\n<div style=\"text-align: center\"><img title=\"Dortmund 01\" alt=\"Dortmund 01\" src=\"https:\/\/www.tour-blog.de\/2006\/02\/Dortmund%2001.jpg\" \/><\/div>\n<div style=\"text-align: center\"><img title=\"Dortmund 02\" alt=\"Dortmund 02\" src=\"https:\/\/www.tour-blog.de\/2006\/02\/Dortmund%2002.jpg\" \/><\/div>\n<div style=\"text-align: center\"><img title=\"Dortmund 03\" alt=\"Dortmund 03\" src=\"https:\/\/www.tour-blog.de\/2006\/02\/Dortmund%2003.jpg\" \/><\/div>\n<div style=\"text-align: center\"><img title=\"Dortmund 04\" alt=\"Dortmund 04\" src=\"https:\/\/www.tour-blog.de\/2006\/02\/Dortmund%2004.jpg\" \/><\/div>\n<div style=\"text-align: center\"><img title=\"Dortmund 05\" alt=\"Dortmund 05\" src=\"https:\/\/www.tour-blog.de\/2006\/02\/Dortmund%2005.jpg\" \/><\/div>\n<div style=\"text-align: center\"><img title=\"Dortmund 06\" alt=\"Dortmund 06\" src=\"https:\/\/www.tour-blog.de\/2006\/02\/Dortmund%2006.jpg\" \/><\/div>\n<div style=\"text-align: center\"><img title=\"Dortmund 07\" alt=\"Dortmund 07\" src=\"https:\/\/www.tour-blog.de\/2006\/02\/Dortmund%2007.jpg\" \/><\/div>\n<div style=\"text-align: center\"><img title=\"Dortmund 08\" alt=\"Dortmund 08\" src=\"https:\/\/www.tour-blog.de\/2006\/02\/Dortmund%2008.jpg\" \/><\/div>\n<div style=\"text-align: center\"><img title=\"Dortmund 09\" alt=\"Dortmund 09\" src=\"https:\/\/www.tour-blog.de\/2006\/02\/Dortmund%2009.jpg\" \/><\/div>\n<div style=\"text-align: center\"><img title=\"Dortmund 10\" alt=\"Dortmund 10\" src=\"https:\/\/www.tour-blog.de\/2006\/02\/Dortmund%2010.jpg\" \/><\/div>\n<div style=\"text-align: center\"><img title=\"Dortmund 11\" alt=\"Dortmund 11\" src=\"https:\/\/www.tour-blog.de\/2006\/02\/Dortmund%2011.jpg\" \/><\/div>\n<div style=\"text-align: center\"><img title=\"Dortmund 12\" alt=\"Dortmund 12\" src=\"https:\/\/www.tour-blog.de\/2006\/02\/Dortmund%2012.jpg\" \/><\/div>\n<div style=\"text-align: center\"><img title=\"Dortmund 13\" alt=\"Dortmund 13\" src=\"https:\/\/www.tour-blog.de\/2006\/02\/Dortmund%2013.jpg\" \/><\/div>\n<div style=\"text-align: center\"><img title=\"Dortmund 14\" alt=\"Dortmund 14\" src=\"https:\/\/www.tour-blog.de\/2006\/02\/Dortmund%2014.jpg\" \/><\/div>\n<div style=\"text-align: center\"><img title=\"Dortmund 15\" alt=\"Dortmund 15\" src=\"https:\/\/www.tour-blog.de\/2006\/02\/Dortmund%2015.jpg\" \/><\/div>\n<div style=\"text-align: center\"><img title=\"Dortmund 16\" alt=\"Dortmund 16\" src=\"https:\/\/www.tour-blog.de\/2006\/02\/Dortmund%2016.jpg\" \/><\/div>\n<p>Und noch einmal: diese Bilder unterliegen dem Copyright. Herzlichen Dank f\u00fcr die Beachtung !<\/p>\n","protected":false},"excerpt":{"rendered":"<p>Gestern waren wir mit unserer kleinen Tour dann in Dortmund in der Westfalenhalle&#8230;.. nein, leider nicht in Halle 1, der Legende unter den deutschen Hallen, sondern &#8222;nur&#8220; in Halle 3. Halle 1 ist n\u00e4chstes Jahr dran :-) Als ich aus dem Nightliner stieg, war ich erst einmal irritiert und mein erster Gedanke war, da\u00df Andreas, &hellip; <a href=\"https:\/\/www.tour-blog.de\/?p=48\" class=\"more-link\"><span class=\"screen-reader-text\">\u201eDortmund\u201c<\/span> weiterlesen<\/a><\/p>\n","protected":false},"author":7,"featured_media":0,"comment_status":"open","ping_status":"open","sticky":false,"template":"","format":"standard","meta":[],"categories":[11],"tags":[],"_links":{"self":[{"href":"https:\/\/www.tour-blog.de\/index.php?rest_route=\/wp\/v2\/posts\/48"}],"collection":[{"href":"https:\/\/www.tour-blog.de\/index.php?rest_route=\/wp\/v2\/posts"}],"about":[{"href":"https:\/\/www.tour-blog.de\/index.php?rest_route=\/wp\/v2\/types\/post"}],"author":[{"embeddable":true,"href":"https:\/\/www.tour-blog.de\/index.php?rest_route=\/wp\/v2\/users\/7"}],"replies":[{"embeddable":true,"href":"https:\/\/www.tour-blog.de\/index.php?rest_route=%2Fwp%2Fv2%2Fcomments&post=48"}],"version-history":[{"count":0,"href":"https:\/\/www.tour-blog.de\/index.php?rest_route=\/wp\/v2\/posts\/48\/revisions"}],"wp:attachment":[{"href":"https:\/\/www.tour-blog.de\/index.php?rest_route=%2Fwp%2Fv2%2Fmedia&parent=48"}],"wp:term":[{"taxonomy":"category","embeddable":true,"href":"https:\/\/www.tour-blog.de\/index.php?rest_route=%2Fwp%2Fv2%2Fcategories&post=48"},{"taxonomy":"post_tag","embeddable":true,"href":"https:\/\/www.tour-blog.de\/index.php?rest_route=%2Fwp%2Fv2%2Ftags&post=48"}],"curies":[{"name":"wp","href":"https:\/\/api.w.org\/{rel}","templated":true}]}}