{"id":4418,"date":"2013-08-17T14:17:55","date_gmt":"2013-08-17T13:17:55","guid":{"rendered":"http:\/\/www.tour-blog.de\/?p=4418"},"modified":"2013-08-17T14:23:44","modified_gmt":"2013-08-17T13:23:44","slug":"das-ende","status":"publish","type":"post","link":"https:\/\/www.tour-blog.de\/?p=4418","title":{"rendered":"Das Ende"},"content":{"rendered":"<p><img class=\"alignnone\" alt=\"Kiezimpressionen\" src=\"https:\/\/www.tour-blog.de\/2013\/08\/Kiez 1.jpg\" \/><\/p>\n<p>Nein, nicht mein Ende, nicht das des Blogs (obwohl man ja damit rechnen k\u00f6nnte, so wenig, wie ich in den letzten Monaten blogte) und so Gott will auch nicht das Ende des netten. jungen Mannes, der sein Bett vor dem Kiezinternat sucht. Es ist das hoffentliche Ende meines deutlichen Kreatiefs, das mich die letzten Monate plagte und das sogar f\u00fcr einen harten Bruch des t\u00e4glichen \u00a0Bilderstroms auf meinem Photoblog sorgte. Da jedenfalls geht es ab morgen weiter und zumindest f\u00fcr einen Monat gibt es auch Nachschub. Ich will mich bem\u00fchen, da\u00df es dort dann auch danach wieder regelm\u00e4\u00dfig weitergeht.<\/p>\n<p><img class=\"alignnone\" alt=\"Kiezimpressionen\" src=\"https:\/\/www.tour-blog.de\/2013\/08\/Kiez 2.jpg\" \/><\/p>\n<p>Gestern Nacht war ich sehr kurz entschlossen zusammen mit Leuten vom Hamburger Photostammtisch auf dem Kiez unterwegs und es war eine sch\u00f6ne Runde, bei der nicht nur ein paar Bilder abgefallen sind, sondern ich wieder einige Dinge \u00fcber meine Lieblingsstadt lernen konnte.<\/p>\n<p><img class=\"alignnone\" alt=\"Kiezimpressionen\" src=\"https:\/\/www.tour-blog.de\/2013\/08\/Kiez 3.jpg\" \/><\/p>\n<p>Unter anderem, da\u00df Emanzipation auch bedeutet, M\u00e4delkampftrinktruppen zu treffen, die f\u00fcr die Zahl der Flaschen auf dem Tisch noch ganz sch\u00f6n n\u00fcchtern waren.<\/p>\n<p><img class=\"alignnone\" alt=\"Kiezimpressionen\" src=\"https:\/\/www.tour-blog.de\/2013\/08\/Kiez 4.jpg\" \/><\/p>\n<p>Und da\u00df es sich grunds\u00e4tzlich und immer lohnt, freundlich zu sein. Aber das ist ja eigentlich ein alter Hut. Wichtig ist aber erstmal, da\u00df es ab morgen <a title=\"Mein Photoblog\" href=\"http:\/\/www.tour-focus.de\" target=\"_blank\">dort<\/a> wieder t\u00e4glich weitergeht.<\/p>\n","protected":false},"excerpt":{"rendered":"<p>Nein, nicht mein Ende, nicht das des Blogs (obwohl man ja damit rechnen k\u00f6nnte, so wenig, wie ich in den letzten Monaten blogte) und so Gott will auch nicht das Ende des netten. jungen Mannes, der sein Bett vor dem Kiezinternat sucht. Es ist das hoffentliche Ende meines deutlichen Kreatiefs, das mich die letzten Monate &hellip; <a href=\"https:\/\/www.tour-blog.de\/?p=4418\" class=\"more-link\"><span class=\"screen-reader-text\">\u201eDas Ende\u201c<\/span> weiterlesen<\/a><\/p>\n","protected":false},"author":7,"featured_media":0,"comment_status":"open","ping_status":"open","sticky":false,"template":"","format":"standard","meta":[],"categories":[8],"tags":[],"_links":{"self":[{"href":"https:\/\/www.tour-blog.de\/index.php?rest_route=\/wp\/v2\/posts\/4418"}],"collection":[{"href":"https:\/\/www.tour-blog.de\/index.php?rest_route=\/wp\/v2\/posts"}],"about":[{"href":"https:\/\/www.tour-blog.de\/index.php?rest_route=\/wp\/v2\/types\/post"}],"author":[{"embeddable":true,"href":"https:\/\/www.tour-blog.de\/index.php?rest_route=\/wp\/v2\/users\/7"}],"replies":[{"embeddable":true,"href":"https:\/\/www.tour-blog.de\/index.php?rest_route=%2Fwp%2Fv2%2Fcomments&post=4418"}],"version-history":[{"count":0,"href":"https:\/\/www.tour-blog.de\/index.php?rest_route=\/wp\/v2\/posts\/4418\/revisions"}],"wp:attachment":[{"href":"https:\/\/www.tour-blog.de\/index.php?rest_route=%2Fwp%2Fv2%2Fmedia&parent=4418"}],"wp:term":[{"taxonomy":"category","embeddable":true,"href":"https:\/\/www.tour-blog.de\/index.php?rest_route=%2Fwp%2Fv2%2Fcategories&post=4418"},{"taxonomy":"post_tag","embeddable":true,"href":"https:\/\/www.tour-blog.de\/index.php?rest_route=%2Fwp%2Fv2%2Ftags&post=4418"}],"curies":[{"name":"wp","href":"https:\/\/api.w.org\/{rel}","templated":true}]}}