{"id":4263,"date":"2012-06-27T15:35:08","date_gmt":"2012-06-27T13:35:08","guid":{"rendered":"http:\/\/www.tour-blog.de\/?p=4263"},"modified":"2012-06-27T15:35:08","modified_gmt":"2012-06-27T13:35:08","slug":"biowaffeneinsatz","status":"publish","type":"post","link":"https:\/\/www.tour-blog.de\/?p=4263","title":{"rendered":"Biowaffeneinsatz"},"content":{"rendered":"<p><img loading=\"lazy\" class=\"alignnone\" title=\"Biowaffeneinsatz im heimischen Garten\" src=\"https:\/\/www.tour-blog.de\/2012\/06\/Biowaffe.jpg\" alt=\"\" width=\"700\" height=\"464\" \/><\/p>\n<p>Dieses Jahr gibt es unglaublich viele L\u00e4use jeglicher Coleur im Garten und seit heute mittag wird gewisserma\u00dfen zur\u00fcckgeschossen. Auch wenn der Einsatz von Biowaffen durch die UN nicht gutgehei\u00dfen wird, so habe ich dann nun doch mal 500 Larven rekrutiert, die f\u00fcr mich in die Schlacht ziehen werden. Ha ! \u00a0M\u00f6ge die Macht mit Euch sein.<\/p>\n","protected":false},"excerpt":{"rendered":"<p>Dieses Jahr gibt es unglaublich viele L\u00e4use jeglicher Coleur im Garten und seit heute mittag wird gewisserma\u00dfen zur\u00fcckgeschossen. Auch wenn der Einsatz von Biowaffen durch die UN nicht gutgehei\u00dfen wird, so habe ich dann nun doch mal 500 Larven rekrutiert, die f\u00fcr mich in die Schlacht ziehen werden. Ha ! \u00a0M\u00f6ge die Macht mit Euch &hellip; <a href=\"https:\/\/www.tour-blog.de\/?p=4263\" class=\"more-link\"><span class=\"screen-reader-text\">\u201eBiowaffeneinsatz\u201c<\/span> weiterlesen<\/a><\/p>\n","protected":false},"author":7,"featured_media":0,"comment_status":"open","ping_status":"open","sticky":false,"template":"","format":"standard","meta":[],"categories":[23],"tags":[],"_links":{"self":[{"href":"https:\/\/www.tour-blog.de\/index.php?rest_route=\/wp\/v2\/posts\/4263"}],"collection":[{"href":"https:\/\/www.tour-blog.de\/index.php?rest_route=\/wp\/v2\/posts"}],"about":[{"href":"https:\/\/www.tour-blog.de\/index.php?rest_route=\/wp\/v2\/types\/post"}],"author":[{"embeddable":true,"href":"https:\/\/www.tour-blog.de\/index.php?rest_route=\/wp\/v2\/users\/7"}],"replies":[{"embeddable":true,"href":"https:\/\/www.tour-blog.de\/index.php?rest_route=%2Fwp%2Fv2%2Fcomments&post=4263"}],"version-history":[{"count":0,"href":"https:\/\/www.tour-blog.de\/index.php?rest_route=\/wp\/v2\/posts\/4263\/revisions"}],"wp:attachment":[{"href":"https:\/\/www.tour-blog.de\/index.php?rest_route=%2Fwp%2Fv2%2Fmedia&parent=4263"}],"wp:term":[{"taxonomy":"category","embeddable":true,"href":"https:\/\/www.tour-blog.de\/index.php?rest_route=%2Fwp%2Fv2%2Fcategories&post=4263"},{"taxonomy":"post_tag","embeddable":true,"href":"https:\/\/www.tour-blog.de\/index.php?rest_route=%2Fwp%2Fv2%2Ftags&post=4263"}],"curies":[{"name":"wp","href":"https:\/\/api.w.org\/{rel}","templated":true}]}}