{"id":421,"date":"2006-07-15T15:48:29","date_gmt":"2006-07-15T14:48:29","guid":{"rendered":"http:\/\/www.tour-blog.de\/?p=421"},"modified":"2006-12-08T18:30:39","modified_gmt":"2006-12-08T17:30:39","slug":"der-freitag","status":"publish","type":"post","link":"https:\/\/www.tour-blog.de\/?p=421","title":{"rendered":"Der Freitag"},"content":{"rendered":"<p>Nachdem ich heute bisher viel aus anderen (Photo)Blogs berichtet habe, will ich Euch auch schreiben, wie denn mein gestriger Tag war. Nach einem zweist\u00fcndigen angeleiteten Training (ich mu\u00df ja noch lernen, wie man diese ganzen Ger\u00e4te bedient), bei dem ich eine Menge Spa\u00df &#038; Schwei\u00df hatte, bin ich dann ins Theater, um ein Cuelight in Ordnung zu bringen.<\/p>\n<div style=\"text-align: center\"><img title=\"Ians Fl\u00fcgel mit Cuelight\" alt=\"Ians Fl\u00fcgel mit Cuelight\" src=\"https:\/\/www.tour-blog.de\/wp-content\/uploads\/2006\/07\/Koeln\/Koeln%2010.jpg\" \/><\/div>\n<p>Als Inspizient versuche ich, die Show koordiniert ablaufen zu lassen. Eine Kollegin beschrieb den Job mal als &#8222;Dirigent f\u00fcr die Technik&#8220;; ein passendes Bild. Bei dieser Show ist es so, da\u00df ich auch Eins\u00e4tze f\u00fcr die Musiker gebe. N\u00e4mlich dann, wenn neben und hinter der B\u00fchne Dinge geschehen, die den Showablauf beeinflussen. Oben seht Ihr zum Beispiel eine kleine zweifarbige LED, mit dem ich bei einer Nummer Ian, dem Pianisten, sagen kann &#8222;Junge, Du mu\u00dft noch im ersten Thema bleiben, Deine Kollegen sind noch nicht fertig umgezogen.&#8220; [rot], oder &#8222;Alles klar, die sechs Kollegen haben sich fertig als Bayern verkleidet, Du kannst ins zweite Thema wechseln.&#8220; [gr\u00fcn]. Diese LED war nicht in Ordnung, aber jetzt l\u00e4uft sie wieder.<\/p>\n<p>F\u00fcr die Eingeweihten: links neben dem Fl\u00fcgel seht Ihr einen <a title=\"Die Aviom - Produkte\" target=\"_blank\" href=\"http:\/\/www.jcintersonic.com\/d\/proaudio.d\/manufactureprodukte.d.jsp?ID_Display=100001\">Aviom<\/a> &#8211; Mischer, mit dem sich jeder der Musiker seinen eigenen Monitorsound mixen kann. Die Zuleitung der Einzelsignale erfolgt ganz simpel per Ethernet. Sehr praktisch, wenn die Musiker halbwegs diszipliniert sind (ist hier kein Problem). Bei undisziplinierten Musikern ist das nat\u00fcrlich der Tod; es sei denn, es gibt InEar &#8211; Monitoring, dann ist&#8217;s auch egal.<\/p>\n<div style=\"text-align: center\"><img title=\"Mein Arbeitsplatz\" alt=\"Mein Arbeitsplatz\" src=\"https:\/\/www.tour-blog.de\/wp-content\/uploads\/2006\/07\/Koeln\/Koeln%2011.jpg\" \/><\/div>\n<p>Damit Ihr Euch eine Vorstellung davon machen k\u00f6nnt, wie mein Arbeitsplatz aussieht, habe ich mal ein Photo davon gemacht. Nach dem Break erkl\u00e4re ich ihn Euch auch. Ganz links seht Ihr \u00fcbrigens Ian, der sich \u00fcber sein wieder funktionierendes Licht freut.<br \/>\n<!--more--><\/p>\n<p><strong>1<\/strong> ein Monitor mit der B\u00fchne von vorne. So sieht der Besucher die Show.<\/p>\n<p><strong>2<\/strong> ein Monitor mit dem Publikum. Da sehe ich, was im Saal los ist und ob wir p\u00fcnktlich anfangen k\u00f6nnen.<\/p>\n<p><strong>3<\/strong> ein Monitor mit einem Infrarotbild der B\u00fchne. Einige Cues mu\u00df ich in absoluter Dunkelheit geben. Damit ich auch sehe, was sich auf der B\u00fchne tut, ben\u00f6tige ich eben dieses Bild. Die Musiker orientieren sich im Dunkeln an leuchtenden Punkten, die auf dem B\u00fchnenboden kleben.<\/p>\n<p><strong>4<\/strong> der Inspizientenruf. Damit kann ich in die Garderoben, ins Catering und in alle anderen R\u00e4ume der Oper Durchsagen machen, damit auch alle immer p\u00fcnktlich zu ihren Auftritten auf der B\u00fchne sind.<\/p>\n<p><strong>5<\/strong> Klingel und Arztruf. Damit wird das Publikum eingegongt. Au\u00dferdem gibt es einen Knopf, mit dem ich den Theaterarzt alarmieren kann, wenn mal was passieren sollte.<\/p>\n<p><strong>6<\/strong> Gegensprechanlage. Mittels dieser Anlage kann ich mit den einzelnen Technikabteilungen des Hauses sprechen.<\/p>\n<p><strong>7<\/strong> Lautsprecher. Ich bekomme von Bernd, unserem Tonmann, eine speziell f\u00fcr mich abgestimmte Mischung der Show, damit ich alles h\u00f6re, was f\u00fcr mich wichtig ist.<\/p>\n<p><strong>8<\/strong> Cuelights. Dies ist die Steueranlage f\u00fcr die Lichtzeichen, die es \u00fcberall auf der B\u00fchne verstreut gibt. Das Zeichen am Fl\u00fcgel habt Ihr ja oben schon gesehen.<\/p>\n<p><strong>9<\/strong> Ablauf. Gewisserma\u00dfen die technische Partitur. Hier stehen alle Cues drin, damit ich auch nichts vergesse (man wird ja \u00e4lter).<\/p>\n<p>Und weil ich&#8217;s zum Zeitpunkt des Photos nat\u00fcrlich trage, kann man&#8217;s hier nicht sehen: Interkom. Das ist eine Sprechverbindung mittels Headset zu allen showbeteiligten Technikern: Ton, Licht, Spot, Video, Hauptvorhang und zwei Mal Schn\u00fcrboden. Au\u00dferdem gibt es noch drei B\u00fchnenleute, mit denen kl\u00f6ne ich aber direkt.<\/p>\n","protected":false},"excerpt":{"rendered":"<p>Nachdem ich heute bisher viel aus anderen (Photo)Blogs berichtet habe, will ich Euch auch schreiben, wie denn mein gestriger Tag war. Nach einem zweist\u00fcndigen angeleiteten Training (ich mu\u00df ja noch lernen, wie man diese ganzen Ger\u00e4te bedient), bei dem ich eine Menge Spa\u00df &#038; Schwei\u00df hatte, bin ich dann ins Theater, um ein Cuelight in &hellip; <a href=\"https:\/\/www.tour-blog.de\/?p=421\" class=\"more-link\"><span class=\"screen-reader-text\">\u201eDer Freitag\u201c<\/span> weiterlesen<\/a><\/p>\n","protected":false},"author":7,"featured_media":0,"comment_status":"open","ping_status":"open","sticky":false,"template":"","format":"standard","meta":[],"categories":[3],"tags":[],"_links":{"self":[{"href":"https:\/\/www.tour-blog.de\/index.php?rest_route=\/wp\/v2\/posts\/421"}],"collection":[{"href":"https:\/\/www.tour-blog.de\/index.php?rest_route=\/wp\/v2\/posts"}],"about":[{"href":"https:\/\/www.tour-blog.de\/index.php?rest_route=\/wp\/v2\/types\/post"}],"author":[{"embeddable":true,"href":"https:\/\/www.tour-blog.de\/index.php?rest_route=\/wp\/v2\/users\/7"}],"replies":[{"embeddable":true,"href":"https:\/\/www.tour-blog.de\/index.php?rest_route=%2Fwp%2Fv2%2Fcomments&post=421"}],"version-history":[{"count":0,"href":"https:\/\/www.tour-blog.de\/index.php?rest_route=\/wp\/v2\/posts\/421\/revisions"}],"wp:attachment":[{"href":"https:\/\/www.tour-blog.de\/index.php?rest_route=%2Fwp%2Fv2%2Fmedia&parent=421"}],"wp:term":[{"taxonomy":"category","embeddable":true,"href":"https:\/\/www.tour-blog.de\/index.php?rest_route=%2Fwp%2Fv2%2Fcategories&post=421"},{"taxonomy":"post_tag","embeddable":true,"href":"https:\/\/www.tour-blog.de\/index.php?rest_route=%2Fwp%2Fv2%2Ftags&post=421"}],"curies":[{"name":"wp","href":"https:\/\/api.w.org\/{rel}","templated":true}]}}