{"id":419,"date":"2006-07-15T11:54:28","date_gmt":"2006-07-15T10:54:28","guid":{"rendered":"http:\/\/www.tour-blog.de\/?p=419"},"modified":"2006-07-15T11:54:28","modified_gmt":"2006-07-15T10:54:28","slug":"noch-mehr-photos","status":"publish","type":"post","link":"https:\/\/www.tour-blog.de\/?p=419","title":{"rendered":"noch mehr Photos"},"content":{"rendered":"<div style=\"text-align: center\"><a target=\"_blank\" title=\"Link zum Originalbild\" href=\"http:\/\/www.smudo.org\/blog\/archives\/2004\/12\/04\/000321.php\"><img alt=\"Bild der S\u00e4ngerin von Vive la fete\" title=\"Bild der S\u00e4ngerin von Vive la fete\" src=\"https:\/\/www.tour-blog.de\/wp-content\/uploads\/2006\/07\/Vive la fete 1.jpg\" \/><\/a><\/div>\n<div style=\"text-align: center\"><a target=\"_blank\" title=\"Link zum Originalbild\" href=\"http:\/\/www.smudo.org\/blog\/archives\/2004\/12\/03\/000320.php\"><img alt=\"Nach dem Konzert\" title=\"Nach dem Konzert\" src=\"https:\/\/www.tour-blog.de\/wp-content\/uploads\/2006\/07\/Vive la fete 2.jpg\" \/><\/a><\/div>\n<p>\u00dcber den <a target=\"_blank\" title=\"Noch mal ein Konzertbild\" href=\"http:\/\/www.smudo.org\/blog\/archives\/2006\/07\/14\/000790.php\">aktuellen Beitrag<\/a> in <a target=\"_blank\" title=\"Smudos Photoblog\" href=\"http:\/\/www.smudo.org\/blog\/\">Smudos Photoblog<\/a> bin ich auf die beiden obigen Konzertphotos gesto\u00dfen, die er im Dezember 2004 gemacht hat und ich in ihrer Perspektive einfach herausragend finde. Auch \u00fcber Smudo habe ich das Portal <a target=\"_blank\" title=\"Das Portal Rockfoto\" href=\"http:\/\/www.rockfoto.nu\/\">Rockfoto<\/a> gefunden, in dem es unz\u00e4hlige wirklich atemberaubende Bilder von Konzerten gibt. Ausf\u00fchrliches St\u00f6bern lohnt. Als Beispiel mal ein Schu\u00df von <a target=\"_blank\" title=\"Die Bilder Emma Svenssons bei Rockfoto\" href=\"http:\/\/www.rockfoto.nu\/?i=omperson&#038;id=1\">Emma Svensson<\/a>.<\/p>\n<div style=\"text-align: center\"><a target=\"_blank\" title=\"Link zum Originalbild\" href=\"http:\/\/www.rockfoto.nu\/?i=favoritbild&#038;intId=155&#038;intFotograf=1\"><img alt=\"Ein Beispielbild aus dem Portfolio Emma Svenssons\" title=\"Ein Beispielbild aus dem Portfolio Emma Svenssons\" src=\"https:\/\/www.tour-blog.de\/wp-content\/uploads\/2006\/07\/Emma Svensson.jpg\" \/><\/a><\/div>\n","protected":false},"excerpt":{"rendered":"<p>\u00dcber den aktuellen Beitrag in Smudos Photoblog bin ich auf die beiden obigen Konzertphotos gesto\u00dfen, die er im Dezember 2004 gemacht hat und ich in ihrer Perspektive einfach herausragend finde. Auch \u00fcber Smudo habe ich das Portal Rockfoto gefunden, in dem es unz\u00e4hlige wirklich atemberaubende Bilder von Konzerten gibt. Ausf\u00fchrliches St\u00f6bern lohnt. Als Beispiel mal &hellip; <a href=\"https:\/\/www.tour-blog.de\/?p=419\" class=\"more-link\"><span class=\"screen-reader-text\">\u201enoch mehr Photos\u201c<\/span> weiterlesen<\/a><\/p>\n","protected":false},"author":7,"featured_media":0,"comment_status":"open","ping_status":"open","sticky":false,"template":"","format":"standard","meta":[],"categories":[9],"tags":[],"_links":{"self":[{"href":"https:\/\/www.tour-blog.de\/index.php?rest_route=\/wp\/v2\/posts\/419"}],"collection":[{"href":"https:\/\/www.tour-blog.de\/index.php?rest_route=\/wp\/v2\/posts"}],"about":[{"href":"https:\/\/www.tour-blog.de\/index.php?rest_route=\/wp\/v2\/types\/post"}],"author":[{"embeddable":true,"href":"https:\/\/www.tour-blog.de\/index.php?rest_route=\/wp\/v2\/users\/7"}],"replies":[{"embeddable":true,"href":"https:\/\/www.tour-blog.de\/index.php?rest_route=%2Fwp%2Fv2%2Fcomments&post=419"}],"version-history":[{"count":0,"href":"https:\/\/www.tour-blog.de\/index.php?rest_route=\/wp\/v2\/posts\/419\/revisions"}],"wp:attachment":[{"href":"https:\/\/www.tour-blog.de\/index.php?rest_route=%2Fwp%2Fv2%2Fmedia&parent=419"}],"wp:term":[{"taxonomy":"category","embeddable":true,"href":"https:\/\/www.tour-blog.de\/index.php?rest_route=%2Fwp%2Fv2%2Fcategories&post=419"},{"taxonomy":"post_tag","embeddable":true,"href":"https:\/\/www.tour-blog.de\/index.php?rest_route=%2Fwp%2Fv2%2Ftags&post=419"}],"curies":[{"name":"wp","href":"https:\/\/api.w.org\/{rel}","templated":true}]}}