{"id":418,"date":"2006-07-15T09:10:36","date_gmt":"2006-07-15T08:10:36","guid":{"rendered":"http:\/\/www.tour-blog.de\/?p=418"},"modified":"2006-07-15T09:10:36","modified_gmt":"2006-07-15T08:10:36","slug":"am-strand","status":"publish","type":"post","link":"https:\/\/www.tour-blog.de\/?p=418","title":{"rendered":"am Strand"},"content":{"rendered":"<div style=\"text-align: center\"><a title=\"Link zum Originalbild\" target=\"_blank\" href=\"http:\/\/www.durhamtownship.com\/blog-archives\/002575.html\"><img title=\"am Strand\" alt=\"am Strand\" src=\"https:\/\/www.tour-blog.de\/wp-content\/uploads\/2006\/07\/am%20Strand.jpg\" \/><\/a><\/div>\n<p>Ich liebe das Meer und alles, was damit zu tun hat. Nat\u00fcrlich auch im Sommer, aber ganz besonders im Fr\u00fchjahr oder Herbst, wenn der rauhe Charakter der See st\u00e4rker zum Vorschein kommt. Dieses Bild gibt eine Stimmung wieder, die ich sehr mag; die Luft schmeckt salzig und ist ganz feucht. <a target=\"_blank\" title=\"Kathleens wundersch\u00f6nes Photoblog\" href=\"http:\/\/www.durhamtownship.com\/index.html\">Kathleen<\/a>, deren Bilder vom Thema eigentlich nie hier ins Blog passen, die ich aber trotzdem immer sehr sch\u00f6n finde, hat so einen tollen Strandmoment festgehalten und es erinnert mich an einen Herbstmorgen, an dem ich noch etwas verschlafen in Kiel Holtenau vor der Schleuse zum Nord-Ostsee &#8211; Kanal auf dem Achterdeck eines Dreimasters stand. Wir wollten von Kiel aus mit dem Schiff nach Harlingen, ins Winterlager. Ich m\u00fcmmelte an einem Br\u00f6tchen herum, als pl\u00f6tzlich eine ziemlich fette M\u00f6we auf mich sturm flog und mir das komplette Br\u00f6tchen aus der Hand ri\u00df. Ich mu\u00df ziemlich verdattert aus der W\u00e4sche geschaut haben, denn die Kollegen haben sich k\u00f6stlich am\u00fcsiert.<\/p>\n","protected":false},"excerpt":{"rendered":"<p>Ich liebe das Meer und alles, was damit zu tun hat. Nat\u00fcrlich auch im Sommer, aber ganz besonders im Fr\u00fchjahr oder Herbst, wenn der rauhe Charakter der See st\u00e4rker zum Vorschein kommt. Dieses Bild gibt eine Stimmung wieder, die ich sehr mag; die Luft schmeckt salzig und ist ganz feucht. Kathleen, deren Bilder vom Thema &hellip; <a href=\"https:\/\/www.tour-blog.de\/?p=418\" class=\"more-link\"><span class=\"screen-reader-text\">\u201eam Strand\u201c<\/span> weiterlesen<\/a><\/p>\n","protected":false},"author":7,"featured_media":0,"comment_status":"open","ping_status":"open","sticky":false,"template":"","format":"standard","meta":[],"categories":[9],"tags":[],"_links":{"self":[{"href":"https:\/\/www.tour-blog.de\/index.php?rest_route=\/wp\/v2\/posts\/418"}],"collection":[{"href":"https:\/\/www.tour-blog.de\/index.php?rest_route=\/wp\/v2\/posts"}],"about":[{"href":"https:\/\/www.tour-blog.de\/index.php?rest_route=\/wp\/v2\/types\/post"}],"author":[{"embeddable":true,"href":"https:\/\/www.tour-blog.de\/index.php?rest_route=\/wp\/v2\/users\/7"}],"replies":[{"embeddable":true,"href":"https:\/\/www.tour-blog.de\/index.php?rest_route=%2Fwp%2Fv2%2Fcomments&post=418"}],"version-history":[{"count":0,"href":"https:\/\/www.tour-blog.de\/index.php?rest_route=\/wp\/v2\/posts\/418\/revisions"}],"wp:attachment":[{"href":"https:\/\/www.tour-blog.de\/index.php?rest_route=%2Fwp%2Fv2%2Fmedia&parent=418"}],"wp:term":[{"taxonomy":"category","embeddable":true,"href":"https:\/\/www.tour-blog.de\/index.php?rest_route=%2Fwp%2Fv2%2Fcategories&post=418"},{"taxonomy":"post_tag","embeddable":true,"href":"https:\/\/www.tour-blog.de\/index.php?rest_route=%2Fwp%2Fv2%2Ftags&post=418"}],"curies":[{"name":"wp","href":"https:\/\/api.w.org\/{rel}","templated":true}]}}