{"id":4178,"date":"2012-03-06T21:25:23","date_gmt":"2012-03-06T20:25:23","guid":{"rendered":"http:\/\/www.tour-blog.de\/?p=4178"},"modified":"2012-03-06T21:25:23","modified_gmt":"2012-03-06T20:25:23","slug":"erste-reaktionen-zum-zweiten-teil-der-digitalen-dividende","status":"publish","type":"post","link":"https:\/\/www.tour-blog.de\/?p=4178","title":{"rendered":"erste Reaktionen zum zweiten Teil der Digitalen Dividende"},"content":{"rendered":"<p>Die Ank\u00fcndigung, da\u00df auch das 700MHz &#8211; Band der mobilen Telephoniererei und mobilem Internet zugeschanzt werden soll, hat in der Branche eingeschlagen wie eine Bombe, hat man doch gerade in den letzten Monaten erst neue Ger\u00e4te kaufen m\u00fcssen, weil die alten Frequenzen aus dem 800MHz &#8211; Bereich schon an die Handyanbieter verschachert wurde. Erste Reaktionen und Einsch\u00e4tzungen gibt es dazu <a title=\"Reportage \u00fcber die Digitale Dividende 2 beim EventElevator\" href=\"http:\/\/www.eventelevator.de\/reportagen\/22-reportagen\/1153-video-erste-reaktionen-auf-die-digitale-dividende-2\" target=\"_blank\">hier<\/a>. Ich selbst bin bei der Einsch\u00e4tzung, da\u00df vor 2020 nichts zu bef\u00fcrchten sei, \u00e4u\u00dferst skeptisch. Bei der Dititalen Dividende 1 hat man ja auch erz\u00e4hlt, da\u00df vor 2015 nichts zu bef\u00fcrchten sei und nun ist das Thema deutlich fr\u00fcher Realit\u00e4t. Wir sind als Branche einfach viel zu klein, als da\u00df man gegen Telekom, Vodefone &amp; Konsorten anstinken k\u00f6nnte.<\/p>\n<p>Allerdings r\u00e4cht sich nun auch, da\u00df die Einteilung der Welt in nur drei Funkzonen vielleicht doch ein wenig sehr grob ist. In Afrika, das mit Europa eine Zone bildet, ist die Struktur eine ganz andere, es gibt faktisch keine terrestrischen Fernsehsender und ehrlicherweise ist auch die Veranstaltungstechnik in den meisten Gegenden etwas &#8230; bodenst\u00e4ndiger, als hier. Vielleicht sollte man als erstes mal dar\u00fcber nachdenken, die Zone 1 zu teilen. Aber ich bin mir sicher, da\u00df soweit niemand der Verantwortlichen denken wird.<\/p>\n","protected":false},"excerpt":{"rendered":"<p>Die Ank\u00fcndigung, da\u00df auch das 700MHz &#8211; Band der mobilen Telephoniererei und mobilem Internet zugeschanzt werden soll, hat in der Branche eingeschlagen wie eine Bombe, hat man doch gerade in den letzten Monaten erst neue Ger\u00e4te kaufen m\u00fcssen, weil die alten Frequenzen aus dem 800MHz &#8211; Bereich schon an die Handyanbieter verschachert wurde. Erste Reaktionen &hellip; <a href=\"https:\/\/www.tour-blog.de\/?p=4178\" class=\"more-link\"><span class=\"screen-reader-text\">\u201eerste Reaktionen zum zweiten Teil der Digitalen Dividende\u201c<\/span> weiterlesen<\/a><\/p>\n","protected":false},"author":7,"featured_media":0,"comment_status":"open","ping_status":"open","sticky":false,"template":"","format":"standard","meta":[],"categories":[3],"tags":[],"_links":{"self":[{"href":"https:\/\/www.tour-blog.de\/index.php?rest_route=\/wp\/v2\/posts\/4178"}],"collection":[{"href":"https:\/\/www.tour-blog.de\/index.php?rest_route=\/wp\/v2\/posts"}],"about":[{"href":"https:\/\/www.tour-blog.de\/index.php?rest_route=\/wp\/v2\/types\/post"}],"author":[{"embeddable":true,"href":"https:\/\/www.tour-blog.de\/index.php?rest_route=\/wp\/v2\/users\/7"}],"replies":[{"embeddable":true,"href":"https:\/\/www.tour-blog.de\/index.php?rest_route=%2Fwp%2Fv2%2Fcomments&post=4178"}],"version-history":[{"count":0,"href":"https:\/\/www.tour-blog.de\/index.php?rest_route=\/wp\/v2\/posts\/4178\/revisions"}],"wp:attachment":[{"href":"https:\/\/www.tour-blog.de\/index.php?rest_route=%2Fwp%2Fv2%2Fmedia&parent=4178"}],"wp:term":[{"taxonomy":"category","embeddable":true,"href":"https:\/\/www.tour-blog.de\/index.php?rest_route=%2Fwp%2Fv2%2Fcategories&post=4178"},{"taxonomy":"post_tag","embeddable":true,"href":"https:\/\/www.tour-blog.de\/index.php?rest_route=%2Fwp%2Fv2%2Ftags&post=4178"}],"curies":[{"name":"wp","href":"https:\/\/api.w.org\/{rel}","templated":true}]}}