{"id":4163,"date":"2012-02-16T12:07:22","date_gmt":"2012-02-16T11:07:22","guid":{"rendered":"http:\/\/www.tour-blog.de\/?p=4163"},"modified":"2012-02-16T12:07:22","modified_gmt":"2012-02-16T11:07:22","slug":"hellau-alaaf","status":"publish","type":"post","link":"https:\/\/www.tour-blog.de\/?p=4163","title":{"rendered":"Hellau &#038; Alaaf"},"content":{"rendered":"<p style=\"text-align: center;\"><img loading=\"lazy\" class=\"aligncenter\" title=\"Luftschlangen\" src=\"https:\/\/www.tour-blog.de\/2012\/02\/Karneval.jpg\" alt=\"\" width=\"500\" height=\"747\" \/><\/p>\n<p>Auch wenn wir thematisch und geographisch nicht gerade im Mittelpunkt der karnevalistischen Hochburg unterwegs sind (mich wundert sowieso, da\u00df man um diese Zeit \u00fcberhaupt f\u00fcr nichtkarnevalistische Themen Hallen buchen kann), so habe ich dann gerade mal f\u00fcr wenigstens ein wenig Einstimmung gesorgt. Ehrlicherweise war ich ein wenig von unseren Cateringdamen entt\u00e4uscht. Ich hatte ja damit gerechnet (und gehofft), sie w\u00fcrden um 11:11 wild B\u00fctzchen verteilend durch die Halle ziehen. Nichts dergleichen. Ihnen war die historische Bedeutsamkeit des Tages noch nichtmal bewu\u00dft. Tsssss ;-)<\/p>\n","protected":false},"excerpt":{"rendered":"<p>Auch wenn wir thematisch und geographisch nicht gerade im Mittelpunkt der karnevalistischen Hochburg unterwegs sind (mich wundert sowieso, da\u00df man um diese Zeit \u00fcberhaupt f\u00fcr nichtkarnevalistische Themen Hallen buchen kann), so habe ich dann gerade mal f\u00fcr wenigstens ein wenig Einstimmung gesorgt. Ehrlicherweise war ich ein wenig von unseren Cateringdamen entt\u00e4uscht. Ich hatte ja damit &hellip; <a href=\"https:\/\/www.tour-blog.de\/?p=4163\" class=\"more-link\"><span class=\"screen-reader-text\">\u201eHellau &#038; Alaaf\u201c<\/span> weiterlesen<\/a><\/p>\n","protected":false},"author":7,"featured_media":0,"comment_status":"open","ping_status":"open","sticky":false,"template":"","format":"standard","meta":[],"categories":[8],"tags":[],"_links":{"self":[{"href":"https:\/\/www.tour-blog.de\/index.php?rest_route=\/wp\/v2\/posts\/4163"}],"collection":[{"href":"https:\/\/www.tour-blog.de\/index.php?rest_route=\/wp\/v2\/posts"}],"about":[{"href":"https:\/\/www.tour-blog.de\/index.php?rest_route=\/wp\/v2\/types\/post"}],"author":[{"embeddable":true,"href":"https:\/\/www.tour-blog.de\/index.php?rest_route=\/wp\/v2\/users\/7"}],"replies":[{"embeddable":true,"href":"https:\/\/www.tour-blog.de\/index.php?rest_route=%2Fwp%2Fv2%2Fcomments&post=4163"}],"version-history":[{"count":0,"href":"https:\/\/www.tour-blog.de\/index.php?rest_route=\/wp\/v2\/posts\/4163\/revisions"}],"wp:attachment":[{"href":"https:\/\/www.tour-blog.de\/index.php?rest_route=%2Fwp%2Fv2%2Fmedia&parent=4163"}],"wp:term":[{"taxonomy":"category","embeddable":true,"href":"https:\/\/www.tour-blog.de\/index.php?rest_route=%2Fwp%2Fv2%2Fcategories&post=4163"},{"taxonomy":"post_tag","embeddable":true,"href":"https:\/\/www.tour-blog.de\/index.php?rest_route=%2Fwp%2Fv2%2Ftags&post=4163"}],"curies":[{"name":"wp","href":"https:\/\/api.w.org\/{rel}","templated":true}]}}