{"id":4155,"date":"2012-01-23T19:00:57","date_gmt":"2012-01-23T18:00:57","guid":{"rendered":"http:\/\/www.tour-blog.de\/?p=4155"},"modified":"2012-01-23T19:00:57","modified_gmt":"2012-01-23T18:00:57","slug":"stiller-geburtstag","status":"publish","type":"post","link":"https:\/\/www.tour-blog.de\/?p=4155","title":{"rendered":"stiller Geburtstag"},"content":{"rendered":"<p>Heute hat mein Blog seinen sechsten Geburtstag und den begeht es recht still. Im letzten Jahr schrieb ich etwa nur die H\u00e4lfte der Anzahl der Artikel des Jahres zuvor und auch in den letzten Tagen war ich ja nicht wirklich flei\u00dfig hier. Daf\u00fcr gibt es verschiedene Gr\u00fcnde. Zum einen gibt es eine Menge Arbeit und wenig Mu\u00dfe zum Bloggen, dann gibt es einige Dinge um mich herum, die ich gar nicht \u00f6ffentlich verbloggen m\u00f6chte und dann gibt es Kunden, die es ausdr\u00fccklich nicht w\u00fcnschen, da\u00df ich \u00fcber deren Veranstaltungen schreibe. Dies alles zusammengenommen f\u00fchrt dazu, da\u00df sich hier zur Zeit wenig tut. Das finde ich selbst auch schade, kann da aber nicht so richtig was dran \u00e4ndern.<\/p>\n<p>Damit Euch nicht langweilig wird k\u00f6nnt Ihr ja vielleicht zwischendurch <a title=\"Mein Photoblog\" href=\"http:\/\/www.tour-focus.de\/\" target=\"_blank\">mein Photoblog<\/a> besuchen. Da gibt es jeden Tag ein neues Bild. Und wenn sich die Jahresplanung bewahrheitet, dann wird es hier am Mitte\/Ende Mai auch wieder lebendiger. Bis dahin gibt es halt nur sporadische Meldungen.<\/p>\n","protected":false},"excerpt":{"rendered":"<p>Heute hat mein Blog seinen sechsten Geburtstag und den begeht es recht still. Im letzten Jahr schrieb ich etwa nur die H\u00e4lfte der Anzahl der Artikel des Jahres zuvor und auch in den letzten Tagen war ich ja nicht wirklich flei\u00dfig hier. Daf\u00fcr gibt es verschiedene Gr\u00fcnde. Zum einen gibt es eine Menge Arbeit und &hellip; <a href=\"https:\/\/www.tour-blog.de\/?p=4155\" class=\"more-link\"><span class=\"screen-reader-text\">\u201estiller Geburtstag\u201c<\/span> weiterlesen<\/a><\/p>\n","protected":false},"author":7,"featured_media":0,"comment_status":"open","ping_status":"open","sticky":false,"template":"","format":"standard","meta":[],"categories":[22],"tags":[],"_links":{"self":[{"href":"https:\/\/www.tour-blog.de\/index.php?rest_route=\/wp\/v2\/posts\/4155"}],"collection":[{"href":"https:\/\/www.tour-blog.de\/index.php?rest_route=\/wp\/v2\/posts"}],"about":[{"href":"https:\/\/www.tour-blog.de\/index.php?rest_route=\/wp\/v2\/types\/post"}],"author":[{"embeddable":true,"href":"https:\/\/www.tour-blog.de\/index.php?rest_route=\/wp\/v2\/users\/7"}],"replies":[{"embeddable":true,"href":"https:\/\/www.tour-blog.de\/index.php?rest_route=%2Fwp%2Fv2%2Fcomments&post=4155"}],"version-history":[{"count":0,"href":"https:\/\/www.tour-blog.de\/index.php?rest_route=\/wp\/v2\/posts\/4155\/revisions"}],"wp:attachment":[{"href":"https:\/\/www.tour-blog.de\/index.php?rest_route=%2Fwp%2Fv2%2Fmedia&parent=4155"}],"wp:term":[{"taxonomy":"category","embeddable":true,"href":"https:\/\/www.tour-blog.de\/index.php?rest_route=%2Fwp%2Fv2%2Fcategories&post=4155"},{"taxonomy":"post_tag","embeddable":true,"href":"https:\/\/www.tour-blog.de\/index.php?rest_route=%2Fwp%2Fv2%2Ftags&post=4155"}],"curies":[{"name":"wp","href":"https:\/\/api.w.org\/{rel}","templated":true}]}}