{"id":4137,"date":"2012-01-02T21:23:10","date_gmt":"2012-01-02T20:23:10","guid":{"rendered":"http:\/\/www.tour-blog.de\/?p=4137"},"modified":"2012-01-02T21:25:14","modified_gmt":"2012-01-02T20:25:14","slug":"wien-grande-finale","status":"publish","type":"post","link":"https:\/\/www.tour-blog.de\/?p=4137","title":{"rendered":"Wien, grande finale"},"content":{"rendered":"<p style=\"text-align: center;\"><img class=\"aligncenter\" title=\"Die Gregorian in der Votivkirche Wien\" src=\"https:\/\/www.tour-blog.de\/2012\/01\/Wien 3-1.jpg\" alt=\"\" \/><\/p>\n<p>Hier nun ein paar Konzertbilder aus Wien. Ihr seht, das sieht schon alles ziemlich gut aus. Was ehrlicherweise nicht so gut aussieht sind die Heizstrahler, die da an den S\u00e4ulen h\u00e4ngen und die f\u00fcr eine deutliche Grundbeleuchtung sorgten. Erst wollten wir die tats\u00e4chlich ausgeschaltet lassen, der Optik wegen. Aber dann war es doch wirklich einfach zu kalt und wir stellten auf der B\u00fchnenfl\u00e4che sogar noch zus\u00e4tzliche Strahler auf, damit die Musiker \u00fcberhaupt ihre Finger bewegen konnten. Ich habe das vor Ort nicht \u00fcberpr\u00fcft, aber die Kirche mu\u00df einen unglaublichen elektrischen Anschlu\u00dfwert (und eine dementsprechende Stromrechnung) haben. Jeder einzelne Strahler hat eine Leistung von 3.000W, pro S\u00e4ule waren drei Strahler angebracht. Da kommt ganz sch\u00f6n was zusammen.<\/p>\n<p style=\"text-align: center;\"><img class=\"aligncenter\" title=\"Die Gregorian in der Votivkirche Wien\" src=\"https:\/\/www.tour-blog.de\/2012\/01\/Wien 3-2.jpg\" alt=\"\" \/><\/p>\n<p>Und jetzt wird auch allen klar sein, warum wir eben unseren Spot nicht auf die Orgelempore stellen konnten, sondern sie auf der Kanzel plazierten.<\/p>\n<p style=\"text-align: center;\"><img class=\"aligncenter\" title=\"Die Gregorian in der Votivkirche Wien\" src=\"https:\/\/www.tour-blog.de\/2012\/01\/Wien 3-3.jpg\" alt=\"\" \/><\/p>\n<p>Wir hatten ja bef\u00fcrchtet, da\u00df die Zuschauer wegen der trotzdem nicht gerade warmen Temperatur sparsam mit dem Applaus sein w\u00fcrden. Tats\u00e4chlich waren die Wiener aber w\u00e4hrend der Zugaben so euphorisch wie vorher auf der ganzen Tour noch niemand. Wir haben also anscheinend alles richtig gemacht.<\/p>\n<p style=\"text-align: center;\"><img class=\"aligncenter\" title=\"Die Gregorian in der Votivkirche Wien\" src=\"https:\/\/www.tour-blog.de\/2012\/01\/Wien 3-4.jpg\" alt=\"\" \/><\/p>\n<p>Und an dieser Stelle mu\u00df ich auch ein Geheimnis verraten: eigentlich gibt es vor der Show f\u00fcr alle ein Alkoholverbot. Guuuut, ein Gl\u00fchwein in Ehren kann niemand verwehren, das wu\u00dften schon die alten R\u00f6mer, aber dann ist auch Schlu\u00df. Hier war das etwas anders. Auf meinen Wunsch hin organisierte der \u00f6rtliche Veranstalter gr\u00f6\u00dfere Mengen handgemachten Gl\u00fchweins (leider ohne &#8222;Schu\u00df&#8220;), der vor und w\u00e4hrend der Show reichlich verkonsumiert wurde. Detlev, unser Tourleiter, ging die ganze Zeit mit der Thermoskanne rum und sorgte daf\u00fcr, da\u00df die Becher immer voll blieben; man mu\u00dfte sich fast gegen den Alkohol wehren :-)<\/p>\n<p style=\"text-align: center;\"><img class=\"aligncenter\" title=\"Die Gregorian in der Votivkirche Wien\" src=\"https:\/\/www.tour-blog.de\/2012\/01\/Wien 3-5.jpg\" alt=\"\" \/><\/p>\n<p>Nach dem Konzert wurde ich dann noch zu slowenischem Gl\u00fchwein (der ist aus wei\u00dfem Wein und nicht so s\u00fc\u00df wie die deutschsprachige Variante) eingeladen. Danke daf\u00fcr und von hier aus herzliche Gr\u00fc\u00dfe.<\/p>\n<p>Ihr seht, wir hatten nicht nur optisch eine sch\u00f6ne Show, sondern auch alkoholisch. Was will man mehr :-)<\/p>\n","protected":false},"excerpt":{"rendered":"<p>Hier nun ein paar Konzertbilder aus Wien. Ihr seht, das sieht schon alles ziemlich gut aus. Was ehrlicherweise nicht so gut aussieht sind die Heizstrahler, die da an den S\u00e4ulen h\u00e4ngen und die f\u00fcr eine deutliche Grundbeleuchtung sorgten. Erst wollten wir die tats\u00e4chlich ausgeschaltet lassen, der Optik wegen. Aber dann war es doch wirklich einfach &hellip; <a href=\"https:\/\/www.tour-blog.de\/?p=4137\" class=\"more-link\"><span class=\"screen-reader-text\">\u201eWien, grande finale\u201c<\/span> weiterlesen<\/a><\/p>\n","protected":false},"author":7,"featured_media":0,"comment_status":"open","ping_status":"open","sticky":false,"template":"","format":"standard","meta":[],"categories":[44],"tags":[],"_links":{"self":[{"href":"https:\/\/www.tour-blog.de\/index.php?rest_route=\/wp\/v2\/posts\/4137"}],"collection":[{"href":"https:\/\/www.tour-blog.de\/index.php?rest_route=\/wp\/v2\/posts"}],"about":[{"href":"https:\/\/www.tour-blog.de\/index.php?rest_route=\/wp\/v2\/types\/post"}],"author":[{"embeddable":true,"href":"https:\/\/www.tour-blog.de\/index.php?rest_route=\/wp\/v2\/users\/7"}],"replies":[{"embeddable":true,"href":"https:\/\/www.tour-blog.de\/index.php?rest_route=%2Fwp%2Fv2%2Fcomments&post=4137"}],"version-history":[{"count":0,"href":"https:\/\/www.tour-blog.de\/index.php?rest_route=\/wp\/v2\/posts\/4137\/revisions"}],"wp:attachment":[{"href":"https:\/\/www.tour-blog.de\/index.php?rest_route=%2Fwp%2Fv2%2Fmedia&parent=4137"}],"wp:term":[{"taxonomy":"category","embeddable":true,"href":"https:\/\/www.tour-blog.de\/index.php?rest_route=%2Fwp%2Fv2%2Fcategories&post=4137"},{"taxonomy":"post_tag","embeddable":true,"href":"https:\/\/www.tour-blog.de\/index.php?rest_route=%2Fwp%2Fv2%2Ftags&post=4137"}],"curies":[{"name":"wp","href":"https:\/\/api.w.org\/{rel}","templated":true}]}}