{"id":4049,"date":"2011-10-31T21:27:02","date_gmt":"2011-10-31T19:27:02","guid":{"rendered":"http:\/\/www.tour-blog.de\/?p=4049"},"modified":"2011-10-31T21:27:02","modified_gmt":"2011-10-31T19:27:02","slug":"memo-an-mich-selbst","status":"publish","type":"post","link":"https:\/\/www.tour-blog.de\/?p=4049","title":{"rendered":"Memo an mich selbst"},"content":{"rendered":"<p>N\u00e4chstes Jahr um diese Zeit brauche ich unbedingt ein fettes Strobe, eine Nebelmaschine und einen kleinen Verst\u00e4rker mit \u00fcbelstem Hall bei mir zuhause, damit ich die &#8222;S\u00fc\u00dfes oder Saures&#8220; schreienden Blagen stilecht empfangen kann. Hier war heute echt die H\u00f6lle los und warum soll ich dabei nicht auch mal meinen Spa\u00df haben :-)<\/p>\n","protected":false},"excerpt":{"rendered":"<p>N\u00e4chstes Jahr um diese Zeit brauche ich unbedingt ein fettes Strobe, eine Nebelmaschine und einen kleinen Verst\u00e4rker mit \u00fcbelstem Hall bei mir zuhause, damit ich die &#8222;S\u00fc\u00dfes oder Saures&#8220; schreienden Blagen stilecht empfangen kann. Hier war heute echt die H\u00f6lle los und warum soll ich dabei nicht auch mal meinen Spa\u00df haben :-)<\/p>\n","protected":false},"author":7,"featured_media":0,"comment_status":"open","ping_status":"open","sticky":false,"template":"","format":"standard","meta":[],"categories":[23],"tags":[],"_links":{"self":[{"href":"https:\/\/www.tour-blog.de\/index.php?rest_route=\/wp\/v2\/posts\/4049"}],"collection":[{"href":"https:\/\/www.tour-blog.de\/index.php?rest_route=\/wp\/v2\/posts"}],"about":[{"href":"https:\/\/www.tour-blog.de\/index.php?rest_route=\/wp\/v2\/types\/post"}],"author":[{"embeddable":true,"href":"https:\/\/www.tour-blog.de\/index.php?rest_route=\/wp\/v2\/users\/7"}],"replies":[{"embeddable":true,"href":"https:\/\/www.tour-blog.de\/index.php?rest_route=%2Fwp%2Fv2%2Fcomments&post=4049"}],"version-history":[{"count":0,"href":"https:\/\/www.tour-blog.de\/index.php?rest_route=\/wp\/v2\/posts\/4049\/revisions"}],"wp:attachment":[{"href":"https:\/\/www.tour-blog.de\/index.php?rest_route=%2Fwp%2Fv2%2Fmedia&parent=4049"}],"wp:term":[{"taxonomy":"category","embeddable":true,"href":"https:\/\/www.tour-blog.de\/index.php?rest_route=%2Fwp%2Fv2%2Fcategories&post=4049"},{"taxonomy":"post_tag","embeddable":true,"href":"https:\/\/www.tour-blog.de\/index.php?rest_route=%2Fwp%2Fv2%2Ftags&post=4049"}],"curies":[{"name":"wp","href":"https:\/\/api.w.org\/{rel}","templated":true}]}}