{"id":4035,"date":"2011-10-27T16:35:34","date_gmt":"2011-10-27T14:35:34","guid":{"rendered":"http:\/\/www.tour-blog.de\/?p=4035"},"modified":"2011-10-27T14:45:17","modified_gmt":"2011-10-27T12:45:17","slug":"gruse-aus-dem-knast","status":"publish","type":"post","link":"https:\/\/www.tour-blog.de\/?p=4035","title":{"rendered":"Gr\u00fc\u00dfe aus dem Knast"},"content":{"rendered":"<p><img loading=\"lazy\" class=\"alignnone\" title=\"Zellen in den Liseberghallen\" src=\"https:\/\/www.tour-blog.de\/2011\/10\/Liseberghallen.jpg\" alt=\"\" width=\"700\" height=\"525\" \/><\/p>\n<p>Andere L\u00e4nder, andere Sitten \u00a0\u2014 diesen Spruch kennt man ja. Aber da\u00df ein Venue, die <a title=\"Die Liseberghallen in G\u00f6teborg\" href=\"http:\/\/www.liseberg.se\" target=\"_blank\">Liseberghallen in G\u00f6teborg<\/a>, einen hauseigenen Knast haben &#8230;&#8230; nun, das hatte ich zuvor auch noch nie erlebt und machte mich gegen\u00fcber dem \u00f6rtlichen Veranstalter direkt noch freundlicher, als ich sowieso immer bin :-)<\/p>\n<p>Die Kollegen vom Haus &#8222;beruhigten&#8220; mich aber dann: die Zellen seien in der Regel nicht f\u00fcr unfreundliche Produktionsleiter oder \u00fcbermotivierte Konzertbesucher, sondern in seltenen F\u00e4llen f\u00fcr renitente Besucher des direkt nebenan gelegenen Freizeitparks. Man habe einen speziellen Deal mit der Polizei und d\u00fcrfe Menschen bis zum Eintreffen der Beamten festsetzen. Ob in der Freizeitparkbeschreibung von dieser besonderen Attraktion auch die Rede ist ?<\/p>\n","protected":false},"excerpt":{"rendered":"<p>Andere L\u00e4nder, andere Sitten \u00a0\u2014 diesen Spruch kennt man ja. Aber da\u00df ein Venue, die Liseberghallen in G\u00f6teborg, einen hauseigenen Knast haben &#8230;&#8230; nun, das hatte ich zuvor auch noch nie erlebt und machte mich gegen\u00fcber dem \u00f6rtlichen Veranstalter direkt noch freundlicher, als ich sowieso immer bin :-) Die Kollegen vom Haus &#8222;beruhigten&#8220; mich aber &hellip; <a href=\"https:\/\/www.tour-blog.de\/?p=4035\" class=\"more-link\"><span class=\"screen-reader-text\">\u201eGr\u00fc\u00dfe aus dem Knast\u201c<\/span> weiterlesen<\/a><\/p>\n","protected":false},"author":7,"featured_media":0,"comment_status":"open","ping_status":"open","sticky":false,"template":"","format":"standard","meta":[],"categories":[7],"tags":[],"_links":{"self":[{"href":"https:\/\/www.tour-blog.de\/index.php?rest_route=\/wp\/v2\/posts\/4035"}],"collection":[{"href":"https:\/\/www.tour-blog.de\/index.php?rest_route=\/wp\/v2\/posts"}],"about":[{"href":"https:\/\/www.tour-blog.de\/index.php?rest_route=\/wp\/v2\/types\/post"}],"author":[{"embeddable":true,"href":"https:\/\/www.tour-blog.de\/index.php?rest_route=\/wp\/v2\/users\/7"}],"replies":[{"embeddable":true,"href":"https:\/\/www.tour-blog.de\/index.php?rest_route=%2Fwp%2Fv2%2Fcomments&post=4035"}],"version-history":[{"count":0,"href":"https:\/\/www.tour-blog.de\/index.php?rest_route=\/wp\/v2\/posts\/4035\/revisions"}],"wp:attachment":[{"href":"https:\/\/www.tour-blog.de\/index.php?rest_route=%2Fwp%2Fv2%2Fmedia&parent=4035"}],"wp:term":[{"taxonomy":"category","embeddable":true,"href":"https:\/\/www.tour-blog.de\/index.php?rest_route=%2Fwp%2Fv2%2Fcategories&post=4035"},{"taxonomy":"post_tag","embeddable":true,"href":"https:\/\/www.tour-blog.de\/index.php?rest_route=%2Fwp%2Fv2%2Ftags&post=4035"}],"curies":[{"name":"wp","href":"https:\/\/api.w.org\/{rel}","templated":true}]}}