{"id":40,"date":"2006-02-03T00:00:37","date_gmt":"2006-02-02T23:00:37","guid":{"rendered":"http:\/\/www.tour-blog.de\/?p=40"},"modified":"2006-12-16T16:11:09","modified_gmt":"2006-12-16T15:11:09","slug":"guido-sehrbrock","status":"publish","type":"post","link":"https:\/\/www.tour-blog.de\/?p=40","title":{"rendered":"Guido Sehrbrock"},"content":{"rendered":"<div style=\"text-align: center\"><img alt=\"Guido Sehrbrock\" id=\"image39\" title=\"Guido Sehrbrock\" src=\"https:\/\/www.tour-blog.de\/2006\/02\/Guido%20Sehrbrock.jpg\" \/><\/div>\n<p>Gestern habe ich Euch Peter, unseren Frontmischer, vorgestellt, heute m\u00f6chte ich Euch mit unserem Monitormann vertraut machen. Sein Name ist Guido Sehrbrock, er ist 47 Jahre alt, kommt aus Paderborn und ist auch schon gut 25 Jahre in diesem Job t\u00e4tig. W\u00e4hrend Peter den Sound f\u00fcr&#8217;s Publikum mischt, ist Guido f\u00fcr den Sound auf der B\u00fchne zust\u00e4ndig. Jeder der f\u00fcnf Musiker und auch Annett bekommt einen eigenen Mix, der ganz speziell nur f\u00fcr ihn abgestimmt ist. Dabei sind die Vorlieben sehr unterschiedlich. Guidos Arbeit ist deshalb besonders wichtig, weil die K\u00fcnstler auf der B\u00fchne sich nicht auf ihre Musik konzentrieren k\u00f6nnten, wenn sie sich selbst oder ihre Mitmusiker nicht vern\u00fcnftig h\u00f6ren w\u00fcrden. Damit er einen guten Kontakt zu den Musikern hat, steht er nicht neben Peter im Saal, sondern direkt neben, manchmal sogar auf der B\u00fchne. Dabei l\u00e4uft die Kommunikation zwischen ihm und den K\u00fcnstlern mit unauff\u00e4lligen Handzeichen.<\/p>\n<p>Privat h\u00f6rt Guido am liebsten Punk \u2014 und das laut. Beruflich hat er alles was er von Musik wei\u00df von Jazzern gelernt und das macht ihn so universell einsetzbar. Er hat in den vergangenen Jahren stilistisch schon so ziemlich alles zwischen den Sch\u00fcrzenj\u00e4gern und Zeltinger betreut; Namen wie Bo Diddley, Tangerine Dream und Slade geh\u00f6ren dazu. Bei uns hat er bisher Teile der ersten Tour und die OpenAirs betreut. Bei der Band ist er so beliebt, da\u00df sie sich ihn ausdr\u00fccklich f\u00fcr die zweite Tour gew\u00fcnscht haben.<\/p>\n<p>Seine Lieblingsgetr\u00e4nke sind Coca Cola in Dosen (!) und Sekt. In diesem Zusammenhang: als ich ihn frug, mit wem er denn schon alles zusammengearbeitet habe, bekam ich spontan statt einer Antwort grinsend eine Frage zur\u00fcck: &#8222;Es war doch immer Party; wie soll ich mich denn daran erinnern ?&#8220;<\/p>\n","protected":false},"excerpt":{"rendered":"<p>Gestern habe ich Euch Peter, unseren Frontmischer, vorgestellt, heute m\u00f6chte ich Euch mit unserem Monitormann vertraut machen. Sein Name ist Guido Sehrbrock, er ist 47 Jahre alt, kommt aus Paderborn und ist auch schon gut 25 Jahre in diesem Job t\u00e4tig. W\u00e4hrend Peter den Sound f\u00fcr&#8217;s Publikum mischt, ist Guido f\u00fcr den Sound auf der &hellip; <a href=\"https:\/\/www.tour-blog.de\/?p=40\" class=\"more-link\"><span class=\"screen-reader-text\">\u201eGuido Sehrbrock\u201c<\/span> weiterlesen<\/a><\/p>\n","protected":false},"author":7,"featured_media":0,"comment_status":"open","ping_status":"open","sticky":false,"template":"","format":"standard","meta":[],"categories":[4],"tags":[],"_links":{"self":[{"href":"https:\/\/www.tour-blog.de\/index.php?rest_route=\/wp\/v2\/posts\/40"}],"collection":[{"href":"https:\/\/www.tour-blog.de\/index.php?rest_route=\/wp\/v2\/posts"}],"about":[{"href":"https:\/\/www.tour-blog.de\/index.php?rest_route=\/wp\/v2\/types\/post"}],"author":[{"embeddable":true,"href":"https:\/\/www.tour-blog.de\/index.php?rest_route=\/wp\/v2\/users\/7"}],"replies":[{"embeddable":true,"href":"https:\/\/www.tour-blog.de\/index.php?rest_route=%2Fwp%2Fv2%2Fcomments&post=40"}],"version-history":[{"count":0,"href":"https:\/\/www.tour-blog.de\/index.php?rest_route=\/wp\/v2\/posts\/40\/revisions"}],"wp:attachment":[{"href":"https:\/\/www.tour-blog.de\/index.php?rest_route=%2Fwp%2Fv2%2Fmedia&parent=40"}],"wp:term":[{"taxonomy":"category","embeddable":true,"href":"https:\/\/www.tour-blog.de\/index.php?rest_route=%2Fwp%2Fv2%2Fcategories&post=40"},{"taxonomy":"post_tag","embeddable":true,"href":"https:\/\/www.tour-blog.de\/index.php?rest_route=%2Fwp%2Fv2%2Ftags&post=40"}],"curies":[{"name":"wp","href":"https:\/\/api.w.org\/{rel}","templated":true}]}}