{"id":3981,"date":"2011-09-18T12:24:38","date_gmt":"2011-09-18T10:24:38","guid":{"rendered":"http:\/\/www.tour-blog.de\/?p=3981"},"modified":"2011-09-18T12:24:38","modified_gmt":"2011-09-18T10:24:38","slug":"festumzug","status":"publish","type":"post","link":"https:\/\/www.tour-blog.de\/?p=3981","title":{"rendered":"Festumzug"},"content":{"rendered":"<p><img class=\"alignnone\" title=\"Festumzug beim Crailsheimer Volksfest\" src=\"https:\/\/www.tour-blog.de\/2011\/09\/Umzug 01.jpg\" alt=\"\" \/><\/p>\n<p>Zu einem richtigen Volksfest geh\u00f6rt nicht nur ein anst\u00e4ndiges Bes\u00e4ufnis, sondern auch ein feierlicher Umzug. Ist ja klar. In Crailsheim dauert es \u00fcber zwei Stunden, bis er an einem vorbeigezogen ist, es ist also schon eine gr\u00f6\u00dfere Veranstaltung. Er wird in jedem Jahr von einer anderen Gruppierung organisiert, in diesem Jahr waren die Gewerbetreibenden dran und so war das Motto &#8222;Crailsheimer L\u00f6sungen f\u00fcr die Probleme der Welt&#8220;. Im Rest Deutschlands wird immer wieder gern \u00fcbersehen, da\u00df im schw\u00e4bischen Hinterland, mitten im Nirgendwo, echte Weltkonzerne sitzen, gerade im Bereich des Maschinenbaus. Die haben nat\u00fcrlich eine Menge zu zeigen.<\/p>\n<p><img class=\"alignnone\" title=\"Festumzug beim Crailsheimer Volksfest\" src=\"https:\/\/www.tour-blog.de\/2011\/09\/Umzug 02.jpg\" alt=\"\" \/><\/p>\n<p>Los ging es aber erstmal mit den Bauern und ihren Fahrzeugen. Trecker und Mercedes.<\/p>\n<p style=\"text-align: center;\"><img class=\"aligncenter\" title=\"Festumzug beim Crailsheimer Volksfest\" src=\"https:\/\/www.tour-blog.de\/2011\/09\/Umzug 03.jpg\" alt=\"\" \/><\/p>\n<p>Aber es gab auch ein paar andere Oldtimer. Eine Isetta beispielsweise, die mit ihrem Verbrauch von 3,3l\/100km und den gro\u00dfen Parkplatzproblemen in den Innenst\u00e4dten ein hochaktuelles Auto ist.<\/p>\n<p><img class=\"alignnone\" title=\"Festumzug beim Crailsheimer Volksfest\" src=\"https:\/\/www.tour-blog.de\/2011\/09\/Umzug 04.jpg\" alt=\"\" \/><\/p>\n<p>Auch diesen K\u00e4fer gab es zu sehen.<\/p>\n<p><img class=\"alignnone\" title=\"Festumzug beim Crailsheimer Volksfest\" src=\"https:\/\/www.tour-blog.de\/2011\/09\/Umzug 05.jpg\" alt=\"\" \/><\/p>\n<p>Und echte Treckersch\u00e4tzchen wie dieses Modell mit einem wirklich tollen Sound.<\/p>\n<p><img class=\"alignnone\" title=\"Festumzug beim Crailsheimer Volksfest\" src=\"https:\/\/www.tour-blog.de\/2011\/09\/Umzug 06.jpg\" alt=\"\" \/><\/p>\n<p>Besonders beliebt waren aber diese Fahrzeuge &#8230;&#8230;<\/p>\n<p><img class=\"alignnone\" title=\"Festumzug beim Crailsheimer Volksfest\" src=\"https:\/\/www.tour-blog.de\/2011\/09\/Umzug 07.jpg\" alt=\"\" \/><\/p>\n<p>&#8230;&#8230; denn sie brachten kostenloses Bier der verschiedenen Brauereien &#8230;&#8230;<\/p>\n<p style=\"text-align: center;\"><img class=\"aligncenter\" title=\"Festumzug beim Crailsheimer Volksfest\" src=\"https:\/\/www.tour-blog.de\/2011\/09\/Umzug 08.jpg\" alt=\"\" \/><\/p>\n<p>&#8230;&#8230; die auch sonst f\u00fcr Unterhaltung sorgten.<\/p>\n<p style=\"text-align: center;\"><img class=\"aligncenter\" title=\"Festumzug beim Crailsheimer Volksfest\" src=\"https:\/\/www.tour-blog.de\/2011\/09\/Umzug 09.jpg\" alt=\"\" \/><\/p>\n<p>Fehlen d\u00fcrfen nat\u00fcrlich auch keine Blaskapellen &#8230;&#8230;<\/p>\n<p><img class=\"alignnone\" title=\"Festumzug beim Crailsheimer Volksfest\" src=\"https:\/\/www.tour-blog.de\/2011\/09\/Umzug 10.jpg\" alt=\"\" \/><\/p>\n<p>&#8230;&#8230; die in teilweise beeindruckender Mannst\u00e4rke aufmarschierten.<\/p>\n<p><img class=\"alignnone\" title=\"Festumzug beim Crailsheimer Volksfest\" src=\"https:\/\/www.tour-blog.de\/2011\/09\/Umzug 11.jpg\" alt=\"\" \/><\/p>\n<p>Die Firmen pr\u00e4sentierten sich mit teilweise sehr lustigen Ideen. Die Lehrlinge der Firma Voith hatten beispielsweise extra eine Choreographie einstudiert, die sie alle 100m zum Besten gaben und die frenetisch von den Umstehenden gefeiert wurde.<\/p>\n<p><img class=\"alignnone\" title=\"Festumzug beim Crailsheimer Volksfest\" src=\"https:\/\/www.tour-blog.de\/2011\/09\/Umzug 12.jpg\" alt=\"\" \/><\/p>\n<p>Andere schickten eine Horde auff\u00e4llige Radler auf die Strecke &#8230;&#8230;<\/p>\n<p><img class=\"alignnone\" title=\"Festumzug beim Crailsheimer Volksfest\" src=\"https:\/\/www.tour-blog.de\/2011\/09\/Umzug 13.jpg\" alt=\"\" \/><\/p>\n<p>&#8230;&#8230; oder eben auch Oldtimer. Ich liebe so alte Bullis ja wirklich sehr.<\/p>\n<p><img class=\"alignnone\" title=\"Festumzug beim Crailsheimer Volksfest\" src=\"https:\/\/www.tour-blog.de\/2011\/09\/Umzug 14.jpg\" alt=\"\" \/><\/p>\n<p>Die Schornsteinfeger waren ebenfalls vertreten und schmierten den Umstehenden Ru\u00df ins Gesicht. Ich bin zum Gl\u00fcck verschont geblieben.<\/p>\n<p><img class=\"alignnone\" title=\"Festumzug beim Crailsheimer Volksfest\" src=\"https:\/\/www.tour-blog.de\/2011\/09\/Umzug 15.jpg\" alt=\"\" \/><\/p>\n<p>Andere machten recht beherzt auf die M\u00f6glichkeiten ihrer Produkte aufmerksam.<\/p>\n<p><img class=\"alignnone\" title=\"Festumzug beim Crailsheimer Volksfest\" src=\"https:\/\/www.tour-blog.de\/2011\/09\/Umzug 16.jpg\" alt=\"\" \/><\/p>\n<p>Die Feuerwehr nahm am Umzug auch teil&#8230;&#8230;<\/p>\n<p><img class=\"alignnone\" title=\"Festumzug beim Crailsheimer Volksfest\" src=\"https:\/\/www.tour-blog.de\/2011\/09\/Umzug 17.jpg\" alt=\"\" \/><\/p>\n<p>&#8230;&#8230; und veranstaltete alle 100m regelrechte Brandschutz\u00fcbungen, bei denen aus der Handpumpe auch gern mal in Richtung Publikum <em>gel\u00f6scht<\/em> wurde.<\/p>\n<p><img class=\"alignnone\" title=\"Festumzug beim Crailsheimer Volksfest\" src=\"https:\/\/www.tour-blog.de\/2011\/09\/Umzug 18.jpg\" alt=\"\" \/><\/p>\n<p>Und auch die vielen Sportvereine pr\u00e4sentierten sich, hier die Football &#8211; Truppe.<\/p>\n<p><img class=\"alignnone\" title=\"Festumzug beim Crailsheimer Volksfest\" src=\"https:\/\/www.tour-blog.de\/2011\/09\/Umzug 19.jpg\" alt=\"\" \/><\/p>\n<p>Die Stadtreinigung kombinierte ihre Pr\u00e4sentation direkt mit der Reinigungsarbeit und so war die Stra\u00dfe direkt wieder sch\u00f6n sauber. Wir sind halt im Schw\u00e4bischen. Apropos Schwaben: aus den Fahrzeugen wurden auch S\u00fc\u00dfigkeiten geworfen, so wie im Rheinland an Karneval. W\u00e4hrend aber im Rheinland mit vollen H\u00e4nden das <em>Wurfgut<\/em> unter die Leute gebracht wird, geschieht das hier in sehr schw\u00e4bischen Dosen: da werden dann mal zwei, drei Bonbons geworfen und die Kleinen spritzen direkt dahin, um sich dann um die S\u00fc\u00dfigkeiten zu streiten. Das ist f\u00fcr mich als geb\u00fcrtiger Rheinl\u00e4nder schon etwas lustig.<\/p>\n<p>Aber ich mu\u00df auch gestehen, da\u00df mich dieser Umzug schon ein wenig beeindruckt hat. Crailsheim ist mit 33.000 Einwohnern ja nicht wirklich gro\u00df. Da einen \u00fcber zwei Stunden dauernden, liebevoll gemachten Festumzug auf die Beine zu stellen ist schon eine echte Leistung.<\/p>\n","protected":false},"excerpt":{"rendered":"<p>Zu einem richtigen Volksfest geh\u00f6rt nicht nur ein anst\u00e4ndiges Bes\u00e4ufnis, sondern auch ein feierlicher Umzug. Ist ja klar. In Crailsheim dauert es \u00fcber zwei Stunden, bis er an einem vorbeigezogen ist, es ist also schon eine gr\u00f6\u00dfere Veranstaltung. Er wird in jedem Jahr von einer anderen Gruppierung organisiert, in diesem Jahr waren die Gewerbetreibenden dran &hellip; <a href=\"https:\/\/www.tour-blog.de\/?p=3981\" class=\"more-link\"><span class=\"screen-reader-text\">\u201eFestumzug\u201c<\/span> weiterlesen<\/a><\/p>\n","protected":false},"author":7,"featured_media":0,"comment_status":"open","ping_status":"open","sticky":false,"template":"","format":"standard","meta":[],"categories":[8],"tags":[],"_links":{"self":[{"href":"https:\/\/www.tour-blog.de\/index.php?rest_route=\/wp\/v2\/posts\/3981"}],"collection":[{"href":"https:\/\/www.tour-blog.de\/index.php?rest_route=\/wp\/v2\/posts"}],"about":[{"href":"https:\/\/www.tour-blog.de\/index.php?rest_route=\/wp\/v2\/types\/post"}],"author":[{"embeddable":true,"href":"https:\/\/www.tour-blog.de\/index.php?rest_route=\/wp\/v2\/users\/7"}],"replies":[{"embeddable":true,"href":"https:\/\/www.tour-blog.de\/index.php?rest_route=%2Fwp%2Fv2%2Fcomments&post=3981"}],"version-history":[{"count":0,"href":"https:\/\/www.tour-blog.de\/index.php?rest_route=\/wp\/v2\/posts\/3981\/revisions"}],"wp:attachment":[{"href":"https:\/\/www.tour-blog.de\/index.php?rest_route=%2Fwp%2Fv2%2Fmedia&parent=3981"}],"wp:term":[{"taxonomy":"category","embeddable":true,"href":"https:\/\/www.tour-blog.de\/index.php?rest_route=%2Fwp%2Fv2%2Fcategories&post=3981"},{"taxonomy":"post_tag","embeddable":true,"href":"https:\/\/www.tour-blog.de\/index.php?rest_route=%2Fwp%2Fv2%2Ftags&post=3981"}],"curies":[{"name":"wp","href":"https:\/\/api.w.org\/{rel}","templated":true}]}}