{"id":3978,"date":"2011-09-17T23:31:08","date_gmt":"2011-09-17T21:31:08","guid":{"rendered":"http:\/\/www.tour-blog.de\/?p=3978"},"modified":"2011-10-06T16:13:57","modified_gmt":"2011-10-06T14:13:57","slug":"prost-mein-engel","status":"publish","type":"post","link":"https:\/\/www.tour-blog.de\/?p=3978","title":{"rendered":"Prost, mein Engel !"},"content":{"rendered":"<p><img class=\"alignnone\" title=\"Im Engelzelt des Crailsheimer Volksfests\" src=\"https:\/\/www.tour-blog.de\/2011\/09\/Engelzelt 1.jpg\" alt=\"\" \/><\/p>\n<p>Gestern Abend war ich nicht in M\u00fcnchen, nein, sondern in Crailsheim. Und w\u00e4hrend man in M\u00fcnchen das Oktoberfest im September feiert, wird in Crailsheim das wahrhaft wichtige Fest begangen: das Crailsheimer Volksfest. Das ist eine ganz lustige Geschichte, denn zu diesem Volksfest kommen die geb\u00fcrtigen Crailsheimer von \u00fcberall hergereist, um einmal im Jahr sich alle wiederzutreffen und gemeinsam zu feiern. Das funktioniert ganz automatisch und ohne moderne SMS &#8211; Verabrederei. Man trifft sich einfach da, wo man sich auch fr\u00fcher immer getroffen hat: im Engelzelt (das so hei\u00dft, weil es von der <a title=\"Engel\" href=\"http:\/\/www.engelbier.de\" target=\"_blank\">Engel &#8211; Brauerei<\/a> betrieben wird), oder bei den Radballern, oder eben an einem der anderen &#8222;historischen&#8220; Treffpunkte.<\/p>\n<p><img class=\"alignnone\" title=\"Im Engelzelt des Crailsheimer Volksfests\" src=\"https:\/\/www.tour-blog.de\/2011\/09\/Engelzelt 2.jpg\" alt=\"\" \/><\/p>\n<p>Dort wird dann gefeiert und mich erstaunt bei solchen Veranstaltungen immer wieder, da\u00df da nicht reihenweise Tische und B\u00e4nke unter den tanzenden Massen zusammenbrechen.<\/p>\n<p><img class=\"alignnone\" title=\"Im Engelzelt des Crailsheimer Volksfests\" src=\"https:\/\/www.tour-blog.de\/2011\/09\/Engelzelt 3.jpg\" alt=\"\" \/><\/p>\n<p>Wir waren gestern mit unserer Firma dort, die Cheffen hatten eingeladen und so wurde es ein feuchtfr\u00f6hlicher Abend, den wir uns nach dem ganzen Stre\u00df der letzten Wochen aber auch ehrlich verdient hatten.<\/p>\n<p><img class=\"alignnone\" title=\"Im Engelzelt des Crailsheimer Volksfests\" src=\"https:\/\/www.tour-blog.de\/2011\/09\/Engelzelt 4.jpg\" alt=\"\" \/><\/p>\n<p>Es ging gestern Abend ums Sehen und Gesehenwerden &#8230;<\/p>\n<p style=\"text-align: center;\"><img class=\"aligncenter\" title=\"Im Engelzelt des Crailsheimer Volksfests\" src=\"https:\/\/www.tour-blog.de\/2011\/09\/Engelzelt 6.jpg\" alt=\"\" \/><\/p>\n<p>&#8230; ums Ausgelassensein und um wahre Freundschaften.<\/p>\n<p style=\"text-align: center;\"><img class=\"aligncenter\" title=\"Im Engelzelt des Crailsheimer Volksfests\" src=\"https:\/\/www.tour-blog.de\/2011\/09\/Engelzelt 7.jpg\" alt=\"\" \/><\/p>\n<p>Verzweiflung kam eigentlich nur bei denjenigen auf, die sich mit komischen Getr\u00e4nken abgaben. Einfacher war&#8217;s, einfach eine Ma\u00df zu bestellen.<\/p>\n<p>Prost.<\/p>\n","protected":false},"excerpt":{"rendered":"<p>Gestern Abend war ich nicht in M\u00fcnchen, nein, sondern in Crailsheim. Und w\u00e4hrend man in M\u00fcnchen das Oktoberfest im September feiert, wird in Crailsheim das wahrhaft wichtige Fest begangen: das Crailsheimer Volksfest. Das ist eine ganz lustige Geschichte, denn zu diesem Volksfest kommen die geb\u00fcrtigen Crailsheimer von \u00fcberall hergereist, um einmal im Jahr sich alle &hellip; <a href=\"https:\/\/www.tour-blog.de\/?p=3978\" class=\"more-link\"><span class=\"screen-reader-text\">\u201eProst, mein Engel !\u201c<\/span> weiterlesen<\/a><\/p>\n","protected":false},"author":7,"featured_media":0,"comment_status":"open","ping_status":"open","sticky":false,"template":"","format":"standard","meta":[],"categories":[8],"tags":[],"_links":{"self":[{"href":"https:\/\/www.tour-blog.de\/index.php?rest_route=\/wp\/v2\/posts\/3978"}],"collection":[{"href":"https:\/\/www.tour-blog.de\/index.php?rest_route=\/wp\/v2\/posts"}],"about":[{"href":"https:\/\/www.tour-blog.de\/index.php?rest_route=\/wp\/v2\/types\/post"}],"author":[{"embeddable":true,"href":"https:\/\/www.tour-blog.de\/index.php?rest_route=\/wp\/v2\/users\/7"}],"replies":[{"embeddable":true,"href":"https:\/\/www.tour-blog.de\/index.php?rest_route=%2Fwp%2Fv2%2Fcomments&post=3978"}],"version-history":[{"count":0,"href":"https:\/\/www.tour-blog.de\/index.php?rest_route=\/wp\/v2\/posts\/3978\/revisions"}],"wp:attachment":[{"href":"https:\/\/www.tour-blog.de\/index.php?rest_route=%2Fwp%2Fv2%2Fmedia&parent=3978"}],"wp:term":[{"taxonomy":"category","embeddable":true,"href":"https:\/\/www.tour-blog.de\/index.php?rest_route=%2Fwp%2Fv2%2Fcategories&post=3978"},{"taxonomy":"post_tag","embeddable":true,"href":"https:\/\/www.tour-blog.de\/index.php?rest_route=%2Fwp%2Fv2%2Ftags&post=3978"}],"curies":[{"name":"wp","href":"https:\/\/api.w.org\/{rel}","templated":true}]}}