{"id":3948,"date":"2011-08-21T17:12:46","date_gmt":"2011-08-21T15:12:46","guid":{"rendered":"http:\/\/www.tour-blog.de\/?p=3948"},"modified":"2011-08-21T13:31:22","modified_gmt":"2011-08-21T11:31:22","slug":"zerrieben-zwischen-anspruch-und-wirklichkeit","status":"publish","type":"post","link":"https:\/\/www.tour-blog.de\/?p=3948","title":{"rendered":"Zerrieben zwischen Anspruch und Wirklichkeit"},"content":{"rendered":"<p><img class=\"alignnone\" title=\"Bilder vom Schanzenfest 2011\" src=\"https:\/\/www.tour-blog.de\/2011\/08\/Schanzenfest%201.jpg\" alt=\"\" \/><\/p>\n<p>Das Schanzenviertel ist seit vielen Jahren im Wandel. Einst war es eine Neuentdeckung der alternativen Szene, heute ist es lange In &#8211; Viertel f\u00fcr alle; auch und gerade f\u00fcr die Touristen. Alles wird schicker, teurer und vom alternativen Wohnen ist nicht mehr viel \u00fcbriggeblieben. Ich kann gut verstehen, da\u00df es die verbliebenen Ureinwohner nervt; ich w\u00fcrde auch gern ruhig wohnen. Allerdings f\u00fcrchte ich, da\u00df man das Rad kaum wird zur\u00fcckdrehen k\u00f6nnen.<\/p>\n<p style=\"text-align: center;\"><img class=\"aligncenter\" title=\"Bilder vom Schanzenfest 2011\" src=\"https:\/\/www.tour-blog.de\/2011\/08\/Schanzenfest%202.jpg\" alt=\"\" \/><\/p>\n<p>Genauso ist es auch mit dem Schanzenfest. L\u00e4ngst \u00fcberwiegen die kommerziellen Tr\u00f6dler und Getr\u00e4nkestandbetreiber. Es ist ein gigantischer Tr\u00f6delmarkt ohne Standgeb\u00fchren geworden. Ein Fest f\u00fcr alle, die die schnelle Mark machen wollen und ehrlicherweise wundere ich mich, da\u00df in diesem Umfeld nicht ein paar Altschanzianer mal durch die Stra\u00dfen laufen und kommerzielle St\u00e4nde einfach umkippen. Mit Bullen\u00e4rger w\u00e4re ja eher nicht zu rechnen. Aber wahrscheinlich ist auch die linksalternative Szene mittlerweile satt und bequem geworden, beschr\u00e4nkt sich darauf, ein paar antikapitalistische Plakate zu malen und richtet sich derweil in ebendiesem bequem ein. Denn sind wir mal ehrlich: die traditionelle Stra\u00dfenschlacht nachts wird lange nicht mehr durch die Autonomen bestimmt, sondern durch jugendliche Krawalltouristen (wahrscheinlich aus Pinneberg oder Winsen), die einmal im Jahr auf die Kacke hauen wollen. Die alten Linken sind heute die, die die Feuer austreten \u2014 was ich ganz ernsthaft f\u00fcr eine gute Entwicklung halte.<\/p>\n<p><img class=\"alignnone\" title=\"Bilder vom Schanzenfest 2011\" src=\"https:\/\/www.tour-blog.de\/2011\/08\/Schanzenfest%203.jpg\" alt=\"\" \/><\/p>\n<p>Mir ist klar, da\u00df es aus der Tradition des Schanzenfests heraus keine richtige &#8222;Marktleitung&#8220; gibt und vieles einfach flie\u00dft. Trotzdem st\u00f6ren mich St\u00e4nde wie dieser hier. Der hat nichts mit Nachbarschaftsfest und linksalternativer Kultur zu tun. Aber vielleicht bin ich einfach noch nicht altersmilde genug.<\/p>\n","protected":false},"excerpt":{"rendered":"<p>Das Schanzenviertel ist seit vielen Jahren im Wandel. Einst war es eine Neuentdeckung der alternativen Szene, heute ist es lange In &#8211; Viertel f\u00fcr alle; auch und gerade f\u00fcr die Touristen. Alles wird schicker, teurer und vom alternativen Wohnen ist nicht mehr viel \u00fcbriggeblieben. Ich kann gut verstehen, da\u00df es die verbliebenen Ureinwohner nervt; ich &hellip; <a href=\"https:\/\/www.tour-blog.de\/?p=3948\" class=\"more-link\"><span class=\"screen-reader-text\">\u201eZerrieben zwischen Anspruch und Wirklichkeit\u201c<\/span> weiterlesen<\/a><\/p>\n","protected":false},"author":7,"featured_media":0,"comment_status":"open","ping_status":"open","sticky":false,"template":"","format":"standard","meta":[],"categories":[8],"tags":[],"_links":{"self":[{"href":"https:\/\/www.tour-blog.de\/index.php?rest_route=\/wp\/v2\/posts\/3948"}],"collection":[{"href":"https:\/\/www.tour-blog.de\/index.php?rest_route=\/wp\/v2\/posts"}],"about":[{"href":"https:\/\/www.tour-blog.de\/index.php?rest_route=\/wp\/v2\/types\/post"}],"author":[{"embeddable":true,"href":"https:\/\/www.tour-blog.de\/index.php?rest_route=\/wp\/v2\/users\/7"}],"replies":[{"embeddable":true,"href":"https:\/\/www.tour-blog.de\/index.php?rest_route=%2Fwp%2Fv2%2Fcomments&post=3948"}],"version-history":[{"count":0,"href":"https:\/\/www.tour-blog.de\/index.php?rest_route=\/wp\/v2\/posts\/3948\/revisions"}],"wp:attachment":[{"href":"https:\/\/www.tour-blog.de\/index.php?rest_route=%2Fwp%2Fv2%2Fmedia&parent=3948"}],"wp:term":[{"taxonomy":"category","embeddable":true,"href":"https:\/\/www.tour-blog.de\/index.php?rest_route=%2Fwp%2Fv2%2Fcategories&post=3948"},{"taxonomy":"post_tag","embeddable":true,"href":"https:\/\/www.tour-blog.de\/index.php?rest_route=%2Fwp%2Fv2%2Ftags&post=3948"}],"curies":[{"name":"wp","href":"https:\/\/api.w.org\/{rel}","templated":true}]}}