{"id":3937,"date":"2011-08-13T17:02:05","date_gmt":"2011-08-13T15:02:05","guid":{"rendered":"http:\/\/www.tour-blog.de\/?p=3937"},"modified":"2011-08-13T15:16:09","modified_gmt":"2011-08-13T13:16:09","slug":"gemeinsam","status":"publish","type":"post","link":"https:\/\/www.tour-blog.de\/?p=3937","title":{"rendered":"Gemeinsam"},"content":{"rendered":"<p>Was haben acht Kilo Pflaumen mit einem Kilo Gehacktes, f\u00fcnf Kilo Tomaten gemeinsam ?<\/p>\n<p>Die L\u00f6sung nach dem Break.<\/p>\n<p><!--more-->Die Antwort ist einfach, oder ? \u00a0Mit einer handvoll Gew\u00fcrzen und zw\u00f6lf Stunden auf dem Herd lassen sich da sehr, sehr leckere Sachen mit machen: Pflaumenmus und richtige Bolognese &#8211; Sauce.<\/p>\n<p>Ich glaube, da\u00df ich deshalb so gern Dinge einkoche, weil man den Geschmack des (normalerweise) hellen Sommers mit in den dunklen Winter und somit Depressionen den Schrecken nehmen kann.<\/p>\n<p>Meine K\u00fcche ist nicht gro\u00df genug f\u00fcr einen richtigen Gefrierschrank, es gibt nur das Gefrierfach des K\u00fchlschranks und im Keller bl\u00f6derweise keinen Strom. Sehr, sehr schade. Sonst w\u00fcrde ich jetzt noch ein paar Bleche Pflaumenkuchen einfrosten. Es ist schon ein wenig verr\u00fcckt: ich mache mir gerade Gedanken dar\u00fcber, was ich denn eventuell Weihnachten essen werde. Ab dem 15.09. bin ich mehr oder weniger durchg\u00e4ngig unterwegs und komme erst am 24.12. zur\u00fcck. Habe auch schon \u00fcberlegt, ob ich einfach \u00fcber die Feiertage in Kroatien bleibe; da haben wir am 23.12. die letzte Show.<\/p>\n<p>Vielleicht sollte ich endlich mal den Vermieter fragen, ob ich mit einem Zwischenz\u00e4hler einen Froster an den Allgemeinstrom anschlie\u00dfen darf&#8230;&#8230; :-)<\/p>\n","protected":false},"excerpt":{"rendered":"<p>Was haben acht Kilo Pflaumen mit einem Kilo Gehacktes, f\u00fcnf Kilo Tomaten gemeinsam ? Die L\u00f6sung nach dem Break.<\/p>\n","protected":false},"author":7,"featured_media":0,"comment_status":"open","ping_status":"open","sticky":false,"template":"","format":"standard","meta":[],"categories":[23],"tags":[],"_links":{"self":[{"href":"https:\/\/www.tour-blog.de\/index.php?rest_route=\/wp\/v2\/posts\/3937"}],"collection":[{"href":"https:\/\/www.tour-blog.de\/index.php?rest_route=\/wp\/v2\/posts"}],"about":[{"href":"https:\/\/www.tour-blog.de\/index.php?rest_route=\/wp\/v2\/types\/post"}],"author":[{"embeddable":true,"href":"https:\/\/www.tour-blog.de\/index.php?rest_route=\/wp\/v2\/users\/7"}],"replies":[{"embeddable":true,"href":"https:\/\/www.tour-blog.de\/index.php?rest_route=%2Fwp%2Fv2%2Fcomments&post=3937"}],"version-history":[{"count":0,"href":"https:\/\/www.tour-blog.de\/index.php?rest_route=\/wp\/v2\/posts\/3937\/revisions"}],"wp:attachment":[{"href":"https:\/\/www.tour-blog.de\/index.php?rest_route=%2Fwp%2Fv2%2Fmedia&parent=3937"}],"wp:term":[{"taxonomy":"category","embeddable":true,"href":"https:\/\/www.tour-blog.de\/index.php?rest_route=%2Fwp%2Fv2%2Fcategories&post=3937"},{"taxonomy":"post_tag","embeddable":true,"href":"https:\/\/www.tour-blog.de\/index.php?rest_route=%2Fwp%2Fv2%2Ftags&post=3937"}],"curies":[{"name":"wp","href":"https:\/\/api.w.org\/{rel}","templated":true}]}}