{"id":3935,"date":"2011-08-13T10:24:55","date_gmt":"2011-08-13T08:24:55","guid":{"rendered":"http:\/\/www.tour-blog.de\/?p=3935"},"modified":"2011-08-12T19:32:27","modified_gmt":"2011-08-12T17:32:27","slug":"schone-aussichten-auch-fur-mich","status":"publish","type":"post","link":"https:\/\/www.tour-blog.de\/?p=3935","title":{"rendered":"Sch\u00f6ne Aussichten &#8211; auch f\u00fcr mich"},"content":{"rendered":"<p style=\"text-align: center;\"><img loading=\"lazy\" class=\"aligncenter\" title=\"Die Wetteraussichten\" src=\"https:\/\/www.tour-blog.de\/2011\/08\/Wetter.jpg\" alt=\"\" width=\"404\" height=\"468\" \/><\/p>\n<p style=\"text-align: right;\"><em>Copyright: wetter.com<\/em><\/p>\n<p>Nachdem der Fr\u00fchling ja wirklich sch\u00f6n war, ist der Sommer eine echte Katastrophe. Bei den Blumen im Garten hat man jedenfalls keine Angst, da\u00df sie vertrocknen k\u00f6nnten &#8230;&#8230; ganz im Gegenteil \u00fcberlege ich zur Zeit, ob man ihnen nicht Schwimmfl\u00fcgelchen \u00fcberstreift, damit sie nicht absaufen.<\/p>\n<p>Dienstag und Mittwoch bin ich nun auf Malle. Leider nicht urlaubs-, sondern jobbedingt; Vorbesichtigungsreise f\u00fcr eine Industrieveranstaltung. Aber immerhin werde ich Sonne sehen. Sonne ! \u00a0Halleluja !<\/p>\n","protected":false},"excerpt":{"rendered":"<p>Copyright: wetter.com Nachdem der Fr\u00fchling ja wirklich sch\u00f6n war, ist der Sommer eine echte Katastrophe. Bei den Blumen im Garten hat man jedenfalls keine Angst, da\u00df sie vertrocknen k\u00f6nnten &#8230;&#8230; ganz im Gegenteil \u00fcberlege ich zur Zeit, ob man ihnen nicht Schwimmfl\u00fcgelchen \u00fcberstreift, damit sie nicht absaufen. Dienstag und Mittwoch bin ich nun auf Malle. &hellip; <a href=\"https:\/\/www.tour-blog.de\/?p=3935\" class=\"more-link\"><span class=\"screen-reader-text\">\u201eSch\u00f6ne Aussichten &#8211; auch f\u00fcr mich\u201c<\/span> weiterlesen<\/a><\/p>\n","protected":false},"author":7,"featured_media":0,"comment_status":"open","ping_status":"open","sticky":false,"template":"","format":"standard","meta":[],"categories":[8],"tags":[],"_links":{"self":[{"href":"https:\/\/www.tour-blog.de\/index.php?rest_route=\/wp\/v2\/posts\/3935"}],"collection":[{"href":"https:\/\/www.tour-blog.de\/index.php?rest_route=\/wp\/v2\/posts"}],"about":[{"href":"https:\/\/www.tour-blog.de\/index.php?rest_route=\/wp\/v2\/types\/post"}],"author":[{"embeddable":true,"href":"https:\/\/www.tour-blog.de\/index.php?rest_route=\/wp\/v2\/users\/7"}],"replies":[{"embeddable":true,"href":"https:\/\/www.tour-blog.de\/index.php?rest_route=%2Fwp%2Fv2%2Fcomments&post=3935"}],"version-history":[{"count":0,"href":"https:\/\/www.tour-blog.de\/index.php?rest_route=\/wp\/v2\/posts\/3935\/revisions"}],"wp:attachment":[{"href":"https:\/\/www.tour-blog.de\/index.php?rest_route=%2Fwp%2Fv2%2Fmedia&parent=3935"}],"wp:term":[{"taxonomy":"category","embeddable":true,"href":"https:\/\/www.tour-blog.de\/index.php?rest_route=%2Fwp%2Fv2%2Fcategories&post=3935"},{"taxonomy":"post_tag","embeddable":true,"href":"https:\/\/www.tour-blog.de\/index.php?rest_route=%2Fwp%2Fv2%2Ftags&post=3935"}],"curies":[{"name":"wp","href":"https:\/\/api.w.org\/{rel}","templated":true}]}}