{"id":3934,"date":"2011-08-12T18:38:49","date_gmt":"2011-08-12T16:38:49","guid":{"rendered":"http:\/\/www.tour-blog.de\/?p=3934"},"modified":"2011-08-12T18:38:49","modified_gmt":"2011-08-12T16:38:49","slug":"schone-aussichten-leider-nicht-fur-mich","status":"publish","type":"post","link":"https:\/\/www.tour-blog.de\/?p=3934","title":{"rendered":"Sch\u00f6ne Aussichten &#8211; leider nicht f\u00fcr mich"},"content":{"rendered":"<p><img loading=\"lazy\" class=\"alignnone\" title=\"Annett Louisan und Mirko Michalzik bei TV Noir\" src=\"https:\/\/www.tour-blog.de\/2011\/08\/Annett.jpg\" alt=\"\" width=\"700\" height=\"440\" \/><\/p>\n<p style=\"text-align: right;\"><em>Copyright: TV Noir<\/em><\/p>\n<p>In dem Probenhotel, in dem wir mit den Gregorianern die letzten zwei Touren vorbereiteten, wird im Oktober auch Annett Louisan ihre kommende Tour proben. Leider, leider, leider werde ich keine Gelegenheit haben, mir die Show anzusehen, weil ich zu der Zeit selbst unterwegs bin. Das finde ich tats\u00e4chlich sehr schade. Bei <a title=\"TV Noir\" href=\"http:\/\/tvnoir.de\/\" target=\"_blank\">TV Noir<\/a>, einem wundervollen Kultur &#8211; Schwarzwei\u00df &#8211; Sender, kann man ein paar der neuen Songs bereits im Duo &#8211; Gewand mit Mirko Michalzik <a title=\"Annetts Auftritt bei TV Noir\" href=\"http:\/\/tvnoir.de\/tag\/annett-louisan\/\" target=\"_blank\">sehen<\/a> und ich bin mir sicher, da\u00df auch die Tour ein gro\u00dfer Spa\u00df wird.<\/p>\n<p>Wem die ersten Videos zu ruhig sind sollte sich aber auf jeden Fall die P\u00e4rchenallergie anschauen; sehr lustig.<\/p>\n<p>Liebe Gr\u00fc\u00dfe von hier an Annett, Band &amp; Crew.<\/p>\n","protected":false},"excerpt":{"rendered":"<p>Copyright: TV Noir In dem Probenhotel, in dem wir mit den Gregorianern die letzten zwei Touren vorbereiteten, wird im Oktober auch Annett Louisan ihre kommende Tour proben. Leider, leider, leider werde ich keine Gelegenheit haben, mir die Show anzusehen, weil ich zu der Zeit selbst unterwegs bin. Das finde ich tats\u00e4chlich sehr schade. Bei TV &hellip; <a href=\"https:\/\/www.tour-blog.de\/?p=3934\" class=\"more-link\"><span class=\"screen-reader-text\">\u201eSch\u00f6ne Aussichten &#8211; leider nicht f\u00fcr mich\u201c<\/span> weiterlesen<\/a><\/p>\n","protected":false},"author":7,"featured_media":0,"comment_status":"open","ping_status":"open","sticky":false,"template":"","format":"standard","meta":[],"categories":[11,9],"tags":[],"_links":{"self":[{"href":"https:\/\/www.tour-blog.de\/index.php?rest_route=\/wp\/v2\/posts\/3934"}],"collection":[{"href":"https:\/\/www.tour-blog.de\/index.php?rest_route=\/wp\/v2\/posts"}],"about":[{"href":"https:\/\/www.tour-blog.de\/index.php?rest_route=\/wp\/v2\/types\/post"}],"author":[{"embeddable":true,"href":"https:\/\/www.tour-blog.de\/index.php?rest_route=\/wp\/v2\/users\/7"}],"replies":[{"embeddable":true,"href":"https:\/\/www.tour-blog.de\/index.php?rest_route=%2Fwp%2Fv2%2Fcomments&post=3934"}],"version-history":[{"count":0,"href":"https:\/\/www.tour-blog.de\/index.php?rest_route=\/wp\/v2\/posts\/3934\/revisions"}],"wp:attachment":[{"href":"https:\/\/www.tour-blog.de\/index.php?rest_route=%2Fwp%2Fv2%2Fmedia&parent=3934"}],"wp:term":[{"taxonomy":"category","embeddable":true,"href":"https:\/\/www.tour-blog.de\/index.php?rest_route=%2Fwp%2Fv2%2Fcategories&post=3934"},{"taxonomy":"post_tag","embeddable":true,"href":"https:\/\/www.tour-blog.de\/index.php?rest_route=%2Fwp%2Fv2%2Ftags&post=3934"}],"curies":[{"name":"wp","href":"https:\/\/api.w.org\/{rel}","templated":true}]}}