{"id":3933,"date":"2011-08-12T15:36:45","date_gmt":"2011-08-12T13:36:45","guid":{"rendered":"http:\/\/www.tour-blog.de\/?p=3933"},"modified":"2011-08-12T15:36:45","modified_gmt":"2011-08-12T13:36:45","slug":"etwas-beunruhigend","status":"publish","type":"post","link":"https:\/\/www.tour-blog.de\/?p=3933","title":{"rendered":"Etwas beunruhigend &#8230;&#8230;"},"content":{"rendered":"<p>&#8230;&#8230; f\u00fcr unsere Reise im Herbst finde ich die Tatsache, da\u00df das herunterladbare Navi &#8211; Kartenmaterial f\u00fcr ganz Albanien kleiner ist als f\u00fcr den Vatikan oder Lichtenstein. Es scheint so, da\u00df die im Internet findbaren Reiseberichte bei der Beschreibung der Stra\u00dfenverh\u00e4ltnisse nicht untertrieben sind.<\/p>\n","protected":false},"excerpt":{"rendered":"<p>&#8230;&#8230; f\u00fcr unsere Reise im Herbst finde ich die Tatsache, da\u00df das herunterladbare Navi &#8211; Kartenmaterial f\u00fcr ganz Albanien kleiner ist als f\u00fcr den Vatikan oder Lichtenstein. Es scheint so, da\u00df die im Internet findbaren Reiseberichte bei der Beschreibung der Stra\u00dfenverh\u00e4ltnisse nicht untertrieben sind.<\/p>\n","protected":false},"author":7,"featured_media":0,"comment_status":"open","ping_status":"open","sticky":false,"template":"","format":"standard","meta":[],"categories":[44],"tags":[],"_links":{"self":[{"href":"https:\/\/www.tour-blog.de\/index.php?rest_route=\/wp\/v2\/posts\/3933"}],"collection":[{"href":"https:\/\/www.tour-blog.de\/index.php?rest_route=\/wp\/v2\/posts"}],"about":[{"href":"https:\/\/www.tour-blog.de\/index.php?rest_route=\/wp\/v2\/types\/post"}],"author":[{"embeddable":true,"href":"https:\/\/www.tour-blog.de\/index.php?rest_route=\/wp\/v2\/users\/7"}],"replies":[{"embeddable":true,"href":"https:\/\/www.tour-blog.de\/index.php?rest_route=%2Fwp%2Fv2%2Fcomments&post=3933"}],"version-history":[{"count":0,"href":"https:\/\/www.tour-blog.de\/index.php?rest_route=\/wp\/v2\/posts\/3933\/revisions"}],"wp:attachment":[{"href":"https:\/\/www.tour-blog.de\/index.php?rest_route=%2Fwp%2Fv2%2Fmedia&parent=3933"}],"wp:term":[{"taxonomy":"category","embeddable":true,"href":"https:\/\/www.tour-blog.de\/index.php?rest_route=%2Fwp%2Fv2%2Fcategories&post=3933"},{"taxonomy":"post_tag","embeddable":true,"href":"https:\/\/www.tour-blog.de\/index.php?rest_route=%2Fwp%2Fv2%2Ftags&post=3933"}],"curies":[{"name":"wp","href":"https:\/\/api.w.org\/{rel}","templated":true}]}}