{"id":38,"date":"2006-02-02T11:42:17","date_gmt":"2006-02-02T10:42:17","guid":{"rendered":"http:\/\/www.tour-blog.de\/?p=38"},"modified":"2006-12-16T16:10:49","modified_gmt":"2006-12-16T15:10:49","slug":"tourpremiere-annett-louisan","status":"publish","type":"post","link":"https:\/\/www.tour-blog.de\/?p=38","title":{"rendered":"Tourpremiere Annett Louisan"},"content":{"rendered":"<p>Gestern Abend um 20:00 Uhr war es dann soweit: unsere Tour hatte Premiere. Eigentlich war es ja schon nach den Proben klar, da\u00df der Abend ein Erfolg werden w\u00fcrde \u2014 und so war es dann auch. Wenn ich mir den Unterschied bewu\u00dft mache zwischen der Tourpremiere vor 11 Monaten in genau der gleichen Halle und dem gestrigen Konzert, dann liegen da Welten zwischen. Annett ist in diesem Jahr ein echter Profi geworden; und das meine ich ganz positiv. Sie kann heute ganz locker mit dem Publikum umgehen, das Konzert selber genie\u00dfen und hat sichtbar Spa\u00df. Au\u00dferdem mu\u00df man mal sagen, da\u00df das Vamos &#8211; Publikum wirklich klasse ist. Sehr textsicher :-) \u00dcberhaupt mag ich die eher clubbige Atmosph\u00e4re. Bei den meisten anderen Konzerten spielen wir ja in Theatern und Stadthallen. Das sieht sicher sch\u00f6n aus, aber die Leute sind glaube ich lockerer drauf, wenn man zwischendurch mal eine rauchen kann (das sage ich als Nichtraucher), oder &#8217;n Bier holen.<br \/>\nDie Show l\u00e4uft dieses Jahr ohne Vorband, Annett spielt zwei H\u00e4lften mit einer Pause zwischendrin. Um 22:30 war die Show vorbei, wir haben kurz gefeiert und dann abgebaut. Zugegebenerma\u00dfen etwas chaotisch. Das k\u00f6nnen wir noch besser. Es lag aber vielleicht auch daran, da\u00df wir unsere ganzen Kisten nicht in der Halle lagern konnten und sie dann auf einmal in die Halle rollten. Trotzdem waren um 01:45 die Truckt\u00fcren zu und es war Feierabend. An dieser Stelle auch noch mal ganz, ganz lieben Dank an die \u00f6rtlichen Kollegen in L\u00fcneburg, speziell an Julia &#038; Nele, die wirklich rund um die Uhr f\u00fcr uns da waren. Toller Service !<\/p>\n<p>Um 00:00 haben mich die K\u00fcnstler noch mit einem Geburtstagsst\u00e4ndchen und einem Kuchen \u00fcberrascht. Ich werde n\u00e4mlich heute 41. Auch Euch ganz herzlichen Dank, es war eine sch\u00f6ne \u00dcberraschung.<\/p>\n<p>Wieder nach dem &#8222;Weiterlesen&#8220; &#8211; Link gibt es noch ein paar Bilder von der Premiere.<\/p>\n<p><!--more--><\/p>\n<div style=\"text-align: center\"><img alt=\"Premiere 1\" title=\"Premiere 1\" src=\"https:\/\/www.tour-blog.de\/2006\/02\/Premiere%201.jpg\" \/><\/div>\n<div style=\"text-align: center\"><img alt=\"Premiere 2\" title=\"Premiere 2\" src=\"https:\/\/www.tour-blog.de\/2006\/02\/Premiere%202.jpg\" \/><\/div>\n<div style=\"text-align: center\"><img alt=\"Premiere 3\" title=\"Premiere 3\" src=\"https:\/\/www.tour-blog.de\/2006\/02\/Premiere%203.jpg\" \/><\/div>\n<div style=\"text-align: center\"><img alt=\"Premiere 4\" title=\"Premiere 4\" src=\"https:\/\/www.tour-blog.de\/2006\/02\/Premiere%204.jpg\" \/><\/div>\n<div style=\"text-align: center\"><img alt=\"Premiere 5\" title=\"Premiere 5\" src=\"https:\/\/www.tour-blog.de\/2006\/02\/Premiere%205.jpg\" \/><\/div>\n<div style=\"text-align: center\"><img alt=\"Premiere 6\" title=\"Premiere 6\" src=\"https:\/\/www.tour-blog.de\/2006\/02\/Premiere%206.jpg\" \/><\/div>\n<div style=\"text-align: center\"><img alt=\"Premiere 7\" title=\"Premiere 7\" src=\"https:\/\/www.tour-blog.de\/2006\/02\/Premiere%207.jpg\" \/><\/div>\n<div style=\"text-align: center\"><img alt=\"Premiere 8\" title=\"Premiere 8\" src=\"https:\/\/www.tour-blog.de\/2006\/02\/Premiere%208.jpg\" \/><\/div>\n","protected":false},"excerpt":{"rendered":"<p>Gestern Abend um 20:00 Uhr war es dann soweit: unsere Tour hatte Premiere. Eigentlich war es ja schon nach den Proben klar, da\u00df der Abend ein Erfolg werden w\u00fcrde \u2014 und so war es dann auch. Wenn ich mir den Unterschied bewu\u00dft mache zwischen der Tourpremiere vor 11 Monaten in genau der gleichen Halle und &hellip; <a href=\"https:\/\/www.tour-blog.de\/?p=38\" class=\"more-link\"><span class=\"screen-reader-text\">\u201eTourpremiere Annett Louisan\u201c<\/span> weiterlesen<\/a><\/p>\n","protected":false},"author":7,"featured_media":0,"comment_status":"open","ping_status":"open","sticky":false,"template":"","format":"standard","meta":[],"categories":[11],"tags":[],"_links":{"self":[{"href":"https:\/\/www.tour-blog.de\/index.php?rest_route=\/wp\/v2\/posts\/38"}],"collection":[{"href":"https:\/\/www.tour-blog.de\/index.php?rest_route=\/wp\/v2\/posts"}],"about":[{"href":"https:\/\/www.tour-blog.de\/index.php?rest_route=\/wp\/v2\/types\/post"}],"author":[{"embeddable":true,"href":"https:\/\/www.tour-blog.de\/index.php?rest_route=\/wp\/v2\/users\/7"}],"replies":[{"embeddable":true,"href":"https:\/\/www.tour-blog.de\/index.php?rest_route=%2Fwp%2Fv2%2Fcomments&post=38"}],"version-history":[{"count":0,"href":"https:\/\/www.tour-blog.de\/index.php?rest_route=\/wp\/v2\/posts\/38\/revisions"}],"wp:attachment":[{"href":"https:\/\/www.tour-blog.de\/index.php?rest_route=%2Fwp%2Fv2%2Fmedia&parent=38"}],"wp:term":[{"taxonomy":"category","embeddable":true,"href":"https:\/\/www.tour-blog.de\/index.php?rest_route=%2Fwp%2Fv2%2Fcategories&post=38"},{"taxonomy":"post_tag","embeddable":true,"href":"https:\/\/www.tour-blog.de\/index.php?rest_route=%2Fwp%2Fv2%2Ftags&post=38"}],"curies":[{"name":"wp","href":"https:\/\/api.w.org\/{rel}","templated":true}]}}