{"id":3789,"date":"2011-05-25T17:51:02","date_gmt":"2011-05-25T15:51:02","guid":{"rendered":"http:\/\/www.tour-blog.de\/?p=3789"},"modified":"2011-05-25T17:51:02","modified_gmt":"2011-05-25T15:51:02","slug":"berufsberatung-teil-1","status":"publish","type":"post","link":"https:\/\/www.tour-blog.de\/?p=3789","title":{"rendered":"Berufsberatung, Teil 1"},"content":{"rendered":"<p>In den letzten Wochen erreichten mich einige Mails von Lesern, die etwas \u00fcber meinen Beruf erfahren wollten, dar\u00fcber, wo man sich am besten bewirbt und worauf man generell achten soll. Auch gerade liegt hier noch eine Mail zur Beantwortung (ich mu\u00df mal die abgeschickten Mails speichern, damit ich sie einfach kopieren kann und nicht jedes Mal neuschreiben mu\u00df&#8230;&#8230;). Im Rahmen der Beantwortung der Mails machte ich mir auch immer so meine Gedanken \u00fcber die Veranstaltungsbranche \u2014 und auch dar\u00fcber, ob ich neue Kollegen eigentlich \u00fcberhaupt haben m\u00f6chte. Darum mal ein paar Gedanken auch hier dazu.<\/p>\n<p>Als ich begann, mich f\u00fcr den Beruf des Tontechnikers zu interessieren gab es nur sehr eingeschr\u00e4nkt echte Berufsausbildungen. Man konnte Toningenieur oder Tonmeister studieren und in N\u00fcrnberg gab es die Schule der \u00f6ffentlichrechtlichen Sendeanstalten. Alles andere lief per learning by doing. Man machte mal, sammelte seine Erfahrungen und im Laufe der Zeit wurde man besser. Dadurch da\u00df es kein anerkannter Beruf war fanden das Eltern beispielsweise oft keine akzeptable Besch\u00e4ftigung und so war der Kreis derer, die hauptberuflich als Techniker auf Veranstaltungen arbeiteten, \u00fcberschaubar.<\/p>\n<p>Dann begann der Markt sich zu professionalisieren. Pl\u00f6tzlich konnte man (teilweise umstrittene) Ausbildungen an privaten Schulen machen und es wurde ein richtiger, offizieller Lehrberuf eingef\u00fchrt: die Fachkraft f\u00fcr Veranstaltungstechnik. Auch die Tagess\u00e4tze begannen sich in eine Richtung zu bewegen, die ein vern\u00fcnftiges Leben mit akzeptablen Absicherungen m\u00f6glich machten.<\/p>\n<p>Mittlerweile ist der Lehrberuf anerkannt; so anerkannt, da\u00df auch Eltern diesen Beruf pl\u00f6tzlich akzeptabel finden. Man bekommt ja ein St\u00fcck Papier und kann etwas vorweisen. Das ist in Deutschland wichtig. Und so gibt es immer mehr Leute, die als Techniker arbeiten wollen. In einigen St\u00e4dten schon zu viel bis reichlich zu viel Leute, die als Techniker arbeiten wollen. Damit beginnt etwas sehr unsch\u00f6nes: die brutale Erosion der Tagess\u00e4tze. Es findet sich immer jemand, der einen Job noch billiger macht. Das wissen auch viele Kunden, so da\u00df in weiten Teilen ein breites Gemetzel um die Preise begonnen hat. Das Ganze \u00fcbrigens auch ohne die \u00d6ffnung Europas zum Osten hin; diesen Preiskampf schaffen wir auch ganz allein in Deutschland.<\/p>\n<p>Nat\u00fcrlich gibt es Berufsverb\u00e4nde die immer wieder predigen, da\u00df gute Arbeit auch gut bezahlt werden soll und da\u00df Dumping auf Dauer der Tod des professionellen Berufsstands sei. Sie haben Recht. Allerdings bleiben sie ungeh\u00f6rt. Ganz im Gegenteil sind es unter anderem auch ein paar leitende Mitglieder dieser Berufsverb\u00e4nde, die in ihren Betrieben den Preiskrieg ganz offen f\u00fchren. Und so kommt es, da\u00df in manchen Bereichen die Tagesgagen f\u00fcr Techniker zur Zeit wieder sinken. Nicht nur inflationsbereinigt und real, sondern auch nominal.<\/p>\n<p>Kommen wir zur\u00fcck zur Frage, ob sich eine Ausbildung als Veranstaltungstechniker lohnt und ob ich \u00fcberhaupt will, da\u00df es viele neue Kollegen gibt. Die Antwort ist ein ehrliches nein. Sorry. Mir selbst ist aus ganz egoistischen Gr\u00fcnden nicht daran gelegen, da\u00df der Markt mit Technikern \u00fcberschwemmt wird. Und auch die jungen Leute, die eine Ausbildung beginnen wollen sollten sich dar\u00fcber im klaren sein, da\u00df nach der Lehre in der Regel das nicht immer sichere Leben eines Freelancers wartet; Festanstellungen sind (noch) nicht wirklich \u00fcblich. Da\u00df man oft mehr als 40 Stunden in der Woche, gern am Wochenende und zu unchristlichen Zeiten, arbeitet, was sich nicht immer als partnerschaftsf\u00f6rdernd erweist. Und da\u00df die Augenbrauen manchmal erschrocken nach oben schnellen, wenn man Tagess\u00e4tze in Stundenl\u00f6hne umrechnet (und dabei ber\u00fccksichtigt, da\u00df man als Freelancer die kompletten Sozialabgaben selbst zu tragen hat).<\/p>\n<p>Ich will meinen Beruf nicht miesmachen. Ganz im Gegenteil: f\u00fcr Leute, die Abwechslung lieben und Schreibtische hassen kann es genau das Richtige sein. Aber ich f\u00e4nde es auch ziemlich schade, wenn er wegen \u00dcberangebots in der Breite wieder vor die Hunde geht und nur ein paar hochspezialisierte Wenige in W\u00fcrde \u00fcberleben.<\/p>\n","protected":false},"excerpt":{"rendered":"<p>In den letzten Wochen erreichten mich einige Mails von Lesern, die etwas \u00fcber meinen Beruf erfahren wollten, dar\u00fcber, wo man sich am besten bewirbt und worauf man generell achten soll. Auch gerade liegt hier noch eine Mail zur Beantwortung (ich mu\u00df mal die abgeschickten Mails speichern, damit ich sie einfach kopieren kann und nicht jedes &hellip; <a href=\"https:\/\/www.tour-blog.de\/?p=3789\" class=\"more-link\"><span class=\"screen-reader-text\">\u201eBerufsberatung, Teil 1\u201c<\/span> weiterlesen<\/a><\/p>\n","protected":false},"author":7,"featured_media":0,"comment_status":"open","ping_status":"open","sticky":false,"template":"","format":"standard","meta":[],"categories":[4],"tags":[],"_links":{"self":[{"href":"https:\/\/www.tour-blog.de\/index.php?rest_route=\/wp\/v2\/posts\/3789"}],"collection":[{"href":"https:\/\/www.tour-blog.de\/index.php?rest_route=\/wp\/v2\/posts"}],"about":[{"href":"https:\/\/www.tour-blog.de\/index.php?rest_route=\/wp\/v2\/types\/post"}],"author":[{"embeddable":true,"href":"https:\/\/www.tour-blog.de\/index.php?rest_route=\/wp\/v2\/users\/7"}],"replies":[{"embeddable":true,"href":"https:\/\/www.tour-blog.de\/index.php?rest_route=%2Fwp%2Fv2%2Fcomments&post=3789"}],"version-history":[{"count":0,"href":"https:\/\/www.tour-blog.de\/index.php?rest_route=\/wp\/v2\/posts\/3789\/revisions"}],"wp:attachment":[{"href":"https:\/\/www.tour-blog.de\/index.php?rest_route=%2Fwp%2Fv2%2Fmedia&parent=3789"}],"wp:term":[{"taxonomy":"category","embeddable":true,"href":"https:\/\/www.tour-blog.de\/index.php?rest_route=%2Fwp%2Fv2%2Fcategories&post=3789"},{"taxonomy":"post_tag","embeddable":true,"href":"https:\/\/www.tour-blog.de\/index.php?rest_route=%2Fwp%2Fv2%2Ftags&post=3789"}],"curies":[{"name":"wp","href":"https:\/\/api.w.org\/{rel}","templated":true}]}}