{"id":3666,"date":"2011-01-16T10:11:00","date_gmt":"2011-01-16T09:11:00","guid":{"rendered":"http:\/\/www.tour-blog.de\/?p=3666"},"modified":"2011-01-14T23:30:44","modified_gmt":"2011-01-14T22:30:44","slug":"die-hallen-der-letzten-tage","status":"publish","type":"post","link":"https:\/\/www.tour-blog.de\/?p=3666","title":{"rendered":"Die Hallen der letzten Tage"},"content":{"rendered":"<p><a title=\"Das Congress Centrum in Suhl\" href=\"https:\/\/www.tour-blog.de\/2011\/01\/Suhl 1 3000.jpg\" target=\"_blank\"><img class=\"alignnone\" title=\"Das Congress Centrum Suhl; Bild gr\u00f6\u00dferklickbar\" src=\"https:\/\/www.tour-blog.de\/2011\/01\/Suhl 1 700.jpg\" alt=\"\" \/><\/a><\/p>\n<p><a title=\"Das Congress Centrum in Suhl\" href=\"https:\/\/www.tour-blog.de\/2011\/01\/Suhl 2 3000.jpg\" target=\"_blank\"><img class=\"alignnone\" title=\"Das Congress Centrum Suhl; Bild gr\u00f6\u00dferklickbar\" src=\"https:\/\/www.tour-blog.de\/2011\/01\/Suhl 2 700.jpg\" alt=\"\" \/><\/a><\/p>\n<p><a title=\"Das Congress Centrum in Suhl\" href=\"https:\/\/www.tour-blog.de\/2011\/01\/Suhl 3 3000.jpg\" target=\"_blank\"><img class=\"alignnone\" title=\"Das Congress Centrum Suhl; Bild gr\u00f6\u00dferklickbar\" src=\"https:\/\/www.tour-blog.de\/2011\/01\/Suhl 3 700.jpg\" alt=\"\" \/><\/a><\/p>\n<p>Am ersten Tag der Spatzentour waren wir in der Oberfrankenhalle in Bayreuth, die ich ja schon <a title=\"Artikel mit der Oberfrankenhalle\" href=\"https:\/\/www.tour-blog.de\/?p=2078\" target=\"_blank\">an anderer Stelle vorstellte<\/a>. Der zweite Tag f\u00fchrte uns ins Congress Centrum Suhl. Da war ich schon l\u00e4nger nicht mehr. Die Halle wurde noch zu DDR &#8211; Zeiten gebaut (daher auch die typisch sozialistische B\u00fchne, die zwar endlos breit, aber nicht besonders tief ist) und nach der Wende umgebaut. Das immerhin so gut, da\u00df ich immer dachte, die Halle sei erst nach 1990 entstanden. Auf der B\u00fchne alles fein, nur vor der B\u00fchne gibt es sehr begrenzte H\u00e4ngem\u00f6glichkeiten, was leider zu einem ziemlichen Gebastel beim Video f\u00fchrte. Letztlich spielte es aber.<\/p>\n<p><a title=\"Die Dreil\u00e4nderhalle in Passau\" href=\"https:\/\/www.tour-blog.de\/2011\/01\/Passau 1 3000.jpg\" target=\"_blank\"><img class=\"alignnone\" title=\"Die Dreil\u00e4nderhalle Passau; Bild gr\u00f6\u00dferklickbar\" src=\"https:\/\/www.tour-blog.de\/2011\/01\/Passau 1 700.jpg\" alt=\"\" \/><\/a><\/p>\n<p><a title=\"Die Dreil\u00e4nderhalle in Passau\" href=\"https:\/\/www.tour-blog.de\/2011\/01\/Passau 2 3000.jpg\" target=\"_blank\"><img class=\"alignnone\" title=\"Die Dreil\u00e4nderhalle Passau; Bild gr\u00f6\u00dferklickbar\" src=\"https:\/\/www.tour-blog.de\/2011\/01\/Passau 2 700.jpg\" alt=\"\" \/><\/a><\/p>\n<p><a title=\"Die Dreil\u00e4nderhalle in Passau\" href=\"https:\/\/www.tour-blog.de\/2011\/01\/Passau 3 3000.jpg\" target=\"_blank\"><img class=\"alignnone\" title=\"Die Dreil\u00e4nderhalle Passau; Bild gr\u00f6\u00dferklickbar\" src=\"https:\/\/www.tour-blog.de\/2011\/01\/Passau 3 700.jpg\" alt=\"\" \/><\/a><\/p>\n<p><a title=\"Die Dreil\u00e4nderhalle in Passau\" href=\"https:\/\/www.tour-blog.de\/2011\/01\/Passau 4 3000.jpg\" target=\"_blank\"><img class=\"alignnone\" title=\"Die Dreil\u00e4nderhalle Passau; Bild gr\u00f6\u00dferklickbar\" src=\"https:\/\/www.tour-blog.de\/2011\/01\/Passau 4 700.jpg\" alt=\"\" \/><\/a><\/p>\n<p>An meinem letzten Spatzentag waren wir dann in der Dreil\u00e4nderhalle Passau. Diese Halle kannte ich noch gar nicht und ich war schwer angetan. Echt viel Platz, man kann mit dem Truck reinfahren, ausreichend H\u00e4ngem\u00f6glichkeiten auch f\u00fcr gr\u00f6\u00dfere Produktionen &#8230; alles schick. Au\u00dferdem mal wieder einen der angenehmsten \u00f6rtlichen Veranstalter; das Gespann Gross &#8211; Obermeier ist jedes mal wirklich sehr bem\u00fcht, unglaublich freundlich und auch in der Vorbereitung sorgf\u00e4ltig. Da pa\u00dfte also alles: Halle und \u00d6rtlicher. Ein sch\u00f6ner Abschlu\u00dftag also.<\/p>\n","protected":false},"excerpt":{"rendered":"<p>Am ersten Tag der Spatzentour waren wir in der Oberfrankenhalle in Bayreuth, die ich ja schon an anderer Stelle vorstellte. Der zweite Tag f\u00fchrte uns ins Congress Centrum Suhl. Da war ich schon l\u00e4nger nicht mehr. Die Halle wurde noch zu DDR &#8211; Zeiten gebaut (daher auch die typisch sozialistische B\u00fchne, die zwar endlos breit, &hellip; <a href=\"https:\/\/www.tour-blog.de\/?p=3666\" class=\"more-link\"><span class=\"screen-reader-text\">\u201eDie Hallen der letzten Tage\u201c<\/span> weiterlesen<\/a><\/p>\n","protected":false},"author":7,"featured_media":0,"comment_status":"open","ping_status":"open","sticky":false,"template":"","format":"standard","meta":[],"categories":[7],"tags":[],"_links":{"self":[{"href":"https:\/\/www.tour-blog.de\/index.php?rest_route=\/wp\/v2\/posts\/3666"}],"collection":[{"href":"https:\/\/www.tour-blog.de\/index.php?rest_route=\/wp\/v2\/posts"}],"about":[{"href":"https:\/\/www.tour-blog.de\/index.php?rest_route=\/wp\/v2\/types\/post"}],"author":[{"embeddable":true,"href":"https:\/\/www.tour-blog.de\/index.php?rest_route=\/wp\/v2\/users\/7"}],"replies":[{"embeddable":true,"href":"https:\/\/www.tour-blog.de\/index.php?rest_route=%2Fwp%2Fv2%2Fcomments&post=3666"}],"version-history":[{"count":0,"href":"https:\/\/www.tour-blog.de\/index.php?rest_route=\/wp\/v2\/posts\/3666\/revisions"}],"wp:attachment":[{"href":"https:\/\/www.tour-blog.de\/index.php?rest_route=%2Fwp%2Fv2%2Fmedia&parent=3666"}],"wp:term":[{"taxonomy":"category","embeddable":true,"href":"https:\/\/www.tour-blog.de\/index.php?rest_route=%2Fwp%2Fv2%2Fcategories&post=3666"},{"taxonomy":"post_tag","embeddable":true,"href":"https:\/\/www.tour-blog.de\/index.php?rest_route=%2Fwp%2Fv2%2Ftags&post=3666"}],"curies":[{"name":"wp","href":"https:\/\/api.w.org\/{rel}","templated":true}]}}