{"id":3644,"date":"2010-12-05T13:39:37","date_gmt":"2010-12-05T12:39:37","guid":{"rendered":"http:\/\/www.tour-blog.de\/?p=3644"},"modified":"2010-12-05T13:39:37","modified_gmt":"2010-12-05T12:39:37","slug":"zweiter-advent","status":"publish","type":"post","link":"https:\/\/www.tour-blog.de\/?p=3644","title":{"rendered":"Zweiter Advent"},"content":{"rendered":"<p><img loading=\"lazy\" class=\"alignnone\" title=\"zweiter Advent\" src=\"https:\/\/www.tour-blog.de\/2010\/12\/Kerzen 2.jpg\" alt=\"\" width=\"700\" height=\"469\" \/><\/p>\n<p>Nachdem ich gestern einen Gro\u00dfeinkauf hinter mich gebracht habe, findet heute gewisserma\u00dfen die erste Staffel der Weihnachtsb\u00e4ckerei statt. Ich bin vor Weihnachten nicht sehr viel zuhause, darum lege ich jetzt schon mal los. Auch Euch einen gem\u00fctlichen zweiten Advent.<\/p>\n","protected":false},"excerpt":{"rendered":"<p>Nachdem ich gestern einen Gro\u00dfeinkauf hinter mich gebracht habe, findet heute gewisserma\u00dfen die erste Staffel der Weihnachtsb\u00e4ckerei statt. Ich bin vor Weihnachten nicht sehr viel zuhause, darum lege ich jetzt schon mal los. Auch Euch einen gem\u00fctlichen zweiten Advent.<\/p>\n","protected":false},"author":7,"featured_media":0,"comment_status":"open","ping_status":"open","sticky":false,"template":"","format":"standard","meta":[],"categories":[23],"tags":[],"_links":{"self":[{"href":"https:\/\/www.tour-blog.de\/index.php?rest_route=\/wp\/v2\/posts\/3644"}],"collection":[{"href":"https:\/\/www.tour-blog.de\/index.php?rest_route=\/wp\/v2\/posts"}],"about":[{"href":"https:\/\/www.tour-blog.de\/index.php?rest_route=\/wp\/v2\/types\/post"}],"author":[{"embeddable":true,"href":"https:\/\/www.tour-blog.de\/index.php?rest_route=\/wp\/v2\/users\/7"}],"replies":[{"embeddable":true,"href":"https:\/\/www.tour-blog.de\/index.php?rest_route=%2Fwp%2Fv2%2Fcomments&post=3644"}],"version-history":[{"count":0,"href":"https:\/\/www.tour-blog.de\/index.php?rest_route=\/wp\/v2\/posts\/3644\/revisions"}],"wp:attachment":[{"href":"https:\/\/www.tour-blog.de\/index.php?rest_route=%2Fwp%2Fv2%2Fmedia&parent=3644"}],"wp:term":[{"taxonomy":"category","embeddable":true,"href":"https:\/\/www.tour-blog.de\/index.php?rest_route=%2Fwp%2Fv2%2Fcategories&post=3644"},{"taxonomy":"post_tag","embeddable":true,"href":"https:\/\/www.tour-blog.de\/index.php?rest_route=%2Fwp%2Fv2%2Ftags&post=3644"}],"curies":[{"name":"wp","href":"https:\/\/api.w.org\/{rel}","templated":true}]}}