{"id":357,"date":"2006-06-21T23:43:04","date_gmt":"2006-06-21T22:43:04","guid":{"rendered":"http:\/\/www.tour-blog.de\/?p=357"},"modified":"2008-01-01T20:18:06","modified_gmt":"2008-01-01T19:18:06","slug":"gemutliche-show","status":"publish","type":"post","link":"https:\/\/www.tour-blog.de\/?p=357","title":{"rendered":"gem\u00fctliche Show"},"content":{"rendered":"<p>Nach der ganzen Hin und Herfahrerei, der Vorbesprechung in der Hotelfabrik, dem Besuch bei Gericht, dem Bloggen dar\u00fcber und all&#8216; den teilweise sehr merkw\u00fcrdigen Kommentaren dazu, nach diesem Tag war es fast sowas wie beruhigender Abschlu\u00df, da\u00df es heute Abend ja wieder die Palastrevue gab. Heute mit einer \u00e4u\u00dferst merkw\u00fcrdigen Panne. Mitten in einem Lied h\u00f6rte sich Max&#8216; Stimme pl\u00f6tzlich ganz verzerrt, fast mickeymausig an. Bernd, unser Tonmann, schw\u00f6rte Stein und Bein, nichts am Pult ver\u00e4ndert zu haben. Sollte das <a href=\"http:\/\/www.yamaha-europe.com\/yamaha_europe\/germany\/20_proaudio\/10_mixers\/10_no_category\/20_digital_mixers\/10_digital_mixers\/15_pm5d\/index.html\" title=\"Yamaha PM5D; digitales Mischpult\" target=\"_blank\">PM5D<\/a> eine Macke haben ?  Jedenfalls haben wir innerhalb k\u00fcrzester Zeit ein Ersatzmikro an den Start gebracht und dann lief die alte <a href=\"http:\/\/www.neumann.com\/?lang=en&amp;id=current_microphones&amp;cid=m149_description\" title=\"Das Neumann - Mikro\" target=\"_blank\">Neumann &#8211; R\u00f6hre<\/a> doch wieder fehlerfrei. Sehr merkw\u00fcrdig.<\/p>\n<p style=\"text-align: center\"><img src=\"https:\/\/www.tour-blog.de\/wp-content\/uploads\/2006\/06\/Max\/Hannover%2022.jpg\" title=\"Das Posaunentrio hinter der Opera\" alt=\"Das Posaunentrio hinter der Opera\" \/><\/p>\n<p>Oben seht Ihr \u00fcbrigens die Musiker Thomas, Michael und J\u00f6rn bei ihrem Posaunensolo. Bei dieser Nummer stehen sie gar nicht auf der B\u00fchne, sondern sind f\u00fcr&#8217;s Publikum nur scherenschnittartig als Schatten auf der Leinwand zu sehen.<\/p>\n<p>Das Problem mit den leider im Theater nicht zu empfangenen Fu\u00dfballspielen hat sich auch wenigstens etwas gel\u00f6st. Dank Tip von <a href=\"http:\/\/my.opera.com\/raphman\/blog\/\" title=\"Raphaels Blog\" target=\"_blank\">Raphael<\/a> l\u00e4uft bei uns jetzt immer der <a href=\"http:\/\/sport.ard.de\/wm2006\/wm\/live_ticker\/\" title=\"Der Fu\u00dfball WM - Ticker\" target=\"_blank\">Fu\u00dfballticker<\/a> der ARD. Super.<\/p>\n","protected":false},"excerpt":{"rendered":"<p>Nach der ganzen Hin und Herfahrerei, der Vorbesprechung in der Hotelfabrik, dem Besuch bei Gericht, dem Bloggen dar\u00fcber und all&#8216; den teilweise sehr merkw\u00fcrdigen Kommentaren dazu, nach diesem Tag war es fast sowas wie beruhigender Abschlu\u00df, da\u00df es heute Abend ja wieder die Palastrevue gab. Heute mit einer \u00e4u\u00dferst merkw\u00fcrdigen Panne. Mitten in einem Lied &hellip; <a href=\"https:\/\/www.tour-blog.de\/?p=357\" class=\"more-link\"><span class=\"screen-reader-text\">\u201egem\u00fctliche Show\u201c<\/span> weiterlesen<\/a><\/p>\n","protected":false},"author":7,"featured_media":0,"comment_status":"open","ping_status":"open","sticky":false,"template":"","format":"standard","meta":[],"categories":[17],"tags":[],"_links":{"self":[{"href":"https:\/\/www.tour-blog.de\/index.php?rest_route=\/wp\/v2\/posts\/357"}],"collection":[{"href":"https:\/\/www.tour-blog.de\/index.php?rest_route=\/wp\/v2\/posts"}],"about":[{"href":"https:\/\/www.tour-blog.de\/index.php?rest_route=\/wp\/v2\/types\/post"}],"author":[{"embeddable":true,"href":"https:\/\/www.tour-blog.de\/index.php?rest_route=\/wp\/v2\/users\/7"}],"replies":[{"embeddable":true,"href":"https:\/\/www.tour-blog.de\/index.php?rest_route=%2Fwp%2Fv2%2Fcomments&post=357"}],"version-history":[{"count":0,"href":"https:\/\/www.tour-blog.de\/index.php?rest_route=\/wp\/v2\/posts\/357\/revisions"}],"wp:attachment":[{"href":"https:\/\/www.tour-blog.de\/index.php?rest_route=%2Fwp%2Fv2%2Fmedia&parent=357"}],"wp:term":[{"taxonomy":"category","embeddable":true,"href":"https:\/\/www.tour-blog.de\/index.php?rest_route=%2Fwp%2Fv2%2Fcategories&post=357"},{"taxonomy":"post_tag","embeddable":true,"href":"https:\/\/www.tour-blog.de\/index.php?rest_route=%2Fwp%2Fv2%2Ftags&post=357"}],"curies":[{"name":"wp","href":"https:\/\/api.w.org\/{rel}","templated":true}]}}