{"id":3556,"date":"2010-09-27T11:30:15","date_gmt":"2010-09-27T09:30:15","guid":{"rendered":"http:\/\/www.tour-blog.de\/?p=3556"},"modified":"2010-09-26T23:47:22","modified_gmt":"2010-09-26T21:47:22","slug":"noch-ein-gegenschus","status":"publish","type":"post","link":"https:\/\/www.tour-blog.de\/?p=3556","title":{"rendered":"Noch ein Gegenschu\u00df"},"content":{"rendered":"<p style=\"text-align: center;\"><img loading=\"lazy\" class=\"aligncenter\" title=\"Blick auf die Villa in Crailsheim\" src=\"https:\/\/www.tour-blog.de\/2010\/09\/Crailsheim 1.jpg\" alt=\"\" width=\"500\" height=\"747\" \/><\/p>\n<p><a title=\"Blick von der Villa hinunter auf Crailsheim\" href=\"https:\/\/www.tour-blog.de\/2010\/09\/Crailsheim 2 3000.jpg\" target=\"_blank\"><img loading=\"lazy\" class=\"alignnone\" title=\"Blick von der Villa hinunter auf Crailsheim; Bild gr\u00f6\u00dferklickbar\" src=\"https:\/\/www.tour-blog.de\/2010\/09\/Crailsheim 2 700.jpg\" alt=\"\" width=\"700\" height=\"182\" \/><\/a><\/p>\n<p>Gestern war erstaunlich gutes Wetter und so habe ich tats\u00e4chlich einen l\u00e4ngeren Spaziergang gemacht. Dabei sind mir auch diese Gegensch\u00fcsse hier gelungen. Oben der Blick von unten auf die &#8222;Miniburg&#8220;, die hier einfach nur &#8222;Villa&#8220; hei\u00dft und unten dann der Blick von dort aus auf den Ort. Das Panorama kann man gr\u00f6\u00dferklicken. An der Villa kann man \u00fcbrigens sehr gem\u00fctlich drau\u00dfen sitzen und einen Kakao schl\u00fcrfen. Sehr lecker.<\/p>\n","protected":false},"excerpt":{"rendered":"<p>Gestern war erstaunlich gutes Wetter und so habe ich tats\u00e4chlich einen l\u00e4ngeren Spaziergang gemacht. Dabei sind mir auch diese Gegensch\u00fcsse hier gelungen. Oben der Blick von unten auf die &#8222;Miniburg&#8220;, die hier einfach nur &#8222;Villa&#8220; hei\u00dft und unten dann der Blick von dort aus auf den Ort. Das Panorama kann man gr\u00f6\u00dferklicken. An der Villa &hellip; <a href=\"https:\/\/www.tour-blog.de\/?p=3556\" class=\"more-link\"><span class=\"screen-reader-text\">\u201eNoch ein Gegenschu\u00df\u201c<\/span> weiterlesen<\/a><\/p>\n","protected":false},"author":7,"featured_media":0,"comment_status":"open","ping_status":"open","sticky":false,"template":"","format":"standard","meta":[],"categories":[8],"tags":[],"_links":{"self":[{"href":"https:\/\/www.tour-blog.de\/index.php?rest_route=\/wp\/v2\/posts\/3556"}],"collection":[{"href":"https:\/\/www.tour-blog.de\/index.php?rest_route=\/wp\/v2\/posts"}],"about":[{"href":"https:\/\/www.tour-blog.de\/index.php?rest_route=\/wp\/v2\/types\/post"}],"author":[{"embeddable":true,"href":"https:\/\/www.tour-blog.de\/index.php?rest_route=\/wp\/v2\/users\/7"}],"replies":[{"embeddable":true,"href":"https:\/\/www.tour-blog.de\/index.php?rest_route=%2Fwp%2Fv2%2Fcomments&post=3556"}],"version-history":[{"count":0,"href":"https:\/\/www.tour-blog.de\/index.php?rest_route=\/wp\/v2\/posts\/3556\/revisions"}],"wp:attachment":[{"href":"https:\/\/www.tour-blog.de\/index.php?rest_route=%2Fwp%2Fv2%2Fmedia&parent=3556"}],"wp:term":[{"taxonomy":"category","embeddable":true,"href":"https:\/\/www.tour-blog.de\/index.php?rest_route=%2Fwp%2Fv2%2Fcategories&post=3556"},{"taxonomy":"post_tag","embeddable":true,"href":"https:\/\/www.tour-blog.de\/index.php?rest_route=%2Fwp%2Fv2%2Ftags&post=3556"}],"curies":[{"name":"wp","href":"https:\/\/api.w.org\/{rel}","templated":true}]}}