{"id":3511,"date":"2010-08-31T23:12:53","date_gmt":"2010-08-31T21:12:53","guid":{"rendered":"http:\/\/www.tour-blog.de\/?p=3511"},"modified":"2010-08-31T23:12:53","modified_gmt":"2010-08-31T21:12:53","slug":"immer-netter-im-hotel-zum-vetter","status":"publish","type":"post","link":"https:\/\/www.tour-blog.de\/?p=3511","title":{"rendered":"Immer netter im Hotel Zum Vetter"},"content":{"rendered":"<p><a title=\"Zimmer 23 im Hotel zum Vetter in Finsterwalde\" href=\"https:\/\/www.tour-blog.de\/2010\/09\/Hotel Zum Vetter 3000.jpg\" target=\"_blank\"><img loading=\"lazy\" class=\"alignnone\" title=\"Zimmer 23 im Hotel Zum Vetter in Finsterwalde; Bild gr\u00f6\u00dferklickbar\" src=\"https:\/\/www.tour-blog.de\/2010\/09\/Hotel Zum Vetter 700.jpg\" alt=\"\" width=\"700\" height=\"137\" \/><\/a><\/p>\n<p>In Finsterwalde wohnte ich \u00fcbrigens im <a title=\"Hotel Zum Vetter\" href=\"http:\/\/www.hotel-zum-vetter.de\/\" target=\"_blank\">Hotel Zum Vetter<\/a>, einem kleinen, gem\u00fctlichen Zweisternehaus direkt in der Innenstadt. Das Zimmer war erstaunlich gro\u00df, die Betreuung freundlich und das Fr\u00fchst\u00fcck reichhaltig \u2014 mehr kann man von einem solchen Haus doch nicht verlangen. Da die \u00dcbernachtung auch noch recht g\u00fcnstig war kann ich das Hotel also empfehlen, wenn es einen mal nach Finsterwalde verschlagen sollte.<\/p>\n","protected":false},"excerpt":{"rendered":"<p>In Finsterwalde wohnte ich \u00fcbrigens im Hotel Zum Vetter, einem kleinen, gem\u00fctlichen Zweisternehaus direkt in der Innenstadt. Das Zimmer war erstaunlich gro\u00df, die Betreuung freundlich und das Fr\u00fchst\u00fcck reichhaltig \u2014 mehr kann man von einem solchen Haus doch nicht verlangen. Da die \u00dcbernachtung auch noch recht g\u00fcnstig war kann ich das Hotel also empfehlen, wenn &hellip; <a href=\"https:\/\/www.tour-blog.de\/?p=3511\" class=\"more-link\"><span class=\"screen-reader-text\">\u201eImmer netter im Hotel Zum Vetter\u201c<\/span> weiterlesen<\/a><\/p>\n","protected":false},"author":7,"featured_media":0,"comment_status":"open","ping_status":"open","sticky":false,"template":"","format":"standard","meta":[],"categories":[6],"tags":[],"_links":{"self":[{"href":"https:\/\/www.tour-blog.de\/index.php?rest_route=\/wp\/v2\/posts\/3511"}],"collection":[{"href":"https:\/\/www.tour-blog.de\/index.php?rest_route=\/wp\/v2\/posts"}],"about":[{"href":"https:\/\/www.tour-blog.de\/index.php?rest_route=\/wp\/v2\/types\/post"}],"author":[{"embeddable":true,"href":"https:\/\/www.tour-blog.de\/index.php?rest_route=\/wp\/v2\/users\/7"}],"replies":[{"embeddable":true,"href":"https:\/\/www.tour-blog.de\/index.php?rest_route=%2Fwp%2Fv2%2Fcomments&post=3511"}],"version-history":[{"count":0,"href":"https:\/\/www.tour-blog.de\/index.php?rest_route=\/wp\/v2\/posts\/3511\/revisions"}],"wp:attachment":[{"href":"https:\/\/www.tour-blog.de\/index.php?rest_route=%2Fwp%2Fv2%2Fmedia&parent=3511"}],"wp:term":[{"taxonomy":"category","embeddable":true,"href":"https:\/\/www.tour-blog.de\/index.php?rest_route=%2Fwp%2Fv2%2Fcategories&post=3511"},{"taxonomy":"post_tag","embeddable":true,"href":"https:\/\/www.tour-blog.de\/index.php?rest_route=%2Fwp%2Fv2%2Ftags&post=3511"}],"curies":[{"name":"wp","href":"https:\/\/api.w.org\/{rel}","templated":true}]}}