{"id":3497,"date":"2010-08-26T09:05:46","date_gmt":"2010-08-26T07:05:46","guid":{"rendered":"http:\/\/www.tour-blog.de\/?p=3497"},"modified":"2010-08-26T09:05:46","modified_gmt":"2010-08-26T07:05:46","slug":"das-glucklichste-volk","status":"publish","type":"post","link":"https:\/\/www.tour-blog.de\/?p=3497","title":{"rendered":"Das gl\u00fccklichste Volk"},"content":{"rendered":"<p style=\"text-align: center;\"><img loading=\"lazy\" class=\"aligncenter\" title=\"Daniel Everett: Das gl\u00fccklichste Volk\" src=\"https:\/\/www.tour-blog.de\/2010\/08\/Volk.jpg\" alt=\"\" width=\"500\" height=\"714\" \/><\/p>\n<p>In den letzten Wochen las ich einige B\u00fccher; ein paar davon m\u00f6chte ich Euch hier gern vorstellen. Anfangen m\u00f6chte ich mit <a title=\"Das Buch bei Amazon\" href=\"http:\/\/www.amazon.de\/Das-gl%C3%BCcklichste-Volk-Pirah%C3%A3-Indianern-Amazonas\/dp\/3421043078\" target=\"_blank\">Daniel Everetts &#8222;Das gl\u00fccklichste Volk&#8220;<\/a>. Die Amerikaner sind schon merkw\u00fcrdig. Da f\u00e4hrt also ein von einer evangelikalen Kirche finanzierter, angesehener Sprachforscher an den Amazonas, um die einmalige Sprache eines eingeborenen Volks zu erlernen und zu verstehen und soll gleichzeitig die Heilsbotschaft Jesu unter die Leute bringen. Forschung und Missionierung. Das pa\u00dft ja f\u00fcr mich eigentlich nicht zusammen. Und Daniel Everett stellt das im Laufe der Jahre auch fest; die Piranh\u00e3 missionieren ihn, er verliert seinen Glauben an Gott und gewinnt den Glauben ans Leben.<\/p>\n<p>Da lebt im Urwald Brasiliens ein Volk mit einer ganz einmaligen Sprache, die unerforscht ist. Niemand au\u00dfer den Eingeboren spricht sie, sie ist eine Mischung aus Lauten, Knacken und Melodien und nat\u00fcrlich soll sie erforscht werden, damit sie nicht v\u00f6llig in Vergessenheit ger\u00e4t, falls sie als gesprochene Sprache aussterben sollte. Everett stellt fest, da\u00df das Volk ausgesprochen gl\u00fccklich ist, da\u00df es \u00fcberdurchschnittlich viele lachende Menschen gibt, obwohl das Leben extrem hart ist. Erst mit dem Lernen der Sprache erschlie\u00dft sich ihm die Lebensphilosophie dieser Menschen. Es gibt genau drei Zahlenw\u00f6rter: eins, mehrere, viele. Zeit spielt nur eine sehr relative Rolle, das Jetzt ist wichtig. Und es gelten nur die Geschichten, die man selbst erlebt hat, oder jemand, den man pers\u00f6nlich kennt und dem man vertraut. Diese Einstellungen gepaart mit durchaus gro\u00dfer Lebensweisheit formen ein Volk, das bei aller archaischer Lebensform das Leben genie\u00dft.<\/p>\n<p>Das alles ist nun keine erfundene Geschichte, sondern real. Das Buch ist gewisserma\u00dfen ein zusammengefa\u00dfter Forschungsbericht. An einigen Stellen wurde es f\u00fcr mich doch etwas zu sehr sprachwissenschaftliche Fachliteratur, aber dann \u00fcberspringt man diesen Abschnitt und ist ganz schnell wieder in wirklich spannenden Berichten \u00fcber das Leben und Denken dieser Menschen. Ein interessantes, spannendes und bewegendes Buch.<\/p>\n","protected":false},"excerpt":{"rendered":"<p>In den letzten Wochen las ich einige B\u00fccher; ein paar davon m\u00f6chte ich Euch hier gern vorstellen. Anfangen m\u00f6chte ich mit Daniel Everetts &#8222;Das gl\u00fccklichste Volk&#8220;. Die Amerikaner sind schon merkw\u00fcrdig. Da f\u00e4hrt also ein von einer evangelikalen Kirche finanzierter, angesehener Sprachforscher an den Amazonas, um die einmalige Sprache eines eingeborenen Volks zu erlernen und &hellip; <a href=\"https:\/\/www.tour-blog.de\/?p=3497\" class=\"more-link\"><span class=\"screen-reader-text\">\u201eDas gl\u00fccklichste Volk\u201c<\/span> weiterlesen<\/a><\/p>\n","protected":false},"author":7,"featured_media":0,"comment_status":"open","ping_status":"open","sticky":false,"template":"","format":"standard","meta":[],"categories":[34],"tags":[],"_links":{"self":[{"href":"https:\/\/www.tour-blog.de\/index.php?rest_route=\/wp\/v2\/posts\/3497"}],"collection":[{"href":"https:\/\/www.tour-blog.de\/index.php?rest_route=\/wp\/v2\/posts"}],"about":[{"href":"https:\/\/www.tour-blog.de\/index.php?rest_route=\/wp\/v2\/types\/post"}],"author":[{"embeddable":true,"href":"https:\/\/www.tour-blog.de\/index.php?rest_route=\/wp\/v2\/users\/7"}],"replies":[{"embeddable":true,"href":"https:\/\/www.tour-blog.de\/index.php?rest_route=%2Fwp%2Fv2%2Fcomments&post=3497"}],"version-history":[{"count":0,"href":"https:\/\/www.tour-blog.de\/index.php?rest_route=\/wp\/v2\/posts\/3497\/revisions"}],"wp:attachment":[{"href":"https:\/\/www.tour-blog.de\/index.php?rest_route=%2Fwp%2Fv2%2Fmedia&parent=3497"}],"wp:term":[{"taxonomy":"category","embeddable":true,"href":"https:\/\/www.tour-blog.de\/index.php?rest_route=%2Fwp%2Fv2%2Fcategories&post=3497"},{"taxonomy":"post_tag","embeddable":true,"href":"https:\/\/www.tour-blog.de\/index.php?rest_route=%2Fwp%2Fv2%2Ftags&post=3497"}],"curies":[{"name":"wp","href":"https:\/\/api.w.org\/{rel}","templated":true}]}}