{"id":344,"date":"2006-06-18T23:42:07","date_gmt":"2006-06-18T22:42:07","guid":{"rendered":"http:\/\/www.tour-blog.de\/?p=344"},"modified":"2007-11-01T12:34:47","modified_gmt":"2007-11-01T11:34:47","slug":"sonntagsshow","status":"publish","type":"post","link":"https:\/\/www.tour-blog.de\/?p=344","title":{"rendered":"Sonntagsshow"},"content":{"rendered":"<p>Kaum haben wir angefangen, schon winkt auch schon wieder der erste freie Tag. Die sonnt\u00e4gliche Show ist immer besonders entspannt, weil sich alle auf den spielfreien Montag freuen. Trotzdem gab es auch heute wieder ein paar unerfreuliche Patzer. Wir m\u00fcssen uns n\u00e4chste Woche echt zusammenrei\u00dfen, sonst wird Max (v\u00f6llig zurecht) richtig pissig. Ich kann ihn verstehen, denn er ist derjenige, der vorne steht und fr\u00f6hlich in Richtung Publikum l\u00e4cheln mu\u00df, w\u00e4hrend hinter ihm wieder irgendwas Ungeplantes abgeht.<\/p>\n<p style=\"text-align: center\"><img src=\"https:\/\/www.tour-blog.de\/wp-content\/uploads\/2006\/06\/Max\/Hannover%2011.jpg\" title=\"Max und Hanne von hinten\" alt=\"Max und Hanne von hinten\" \/><\/p>\n<p>F\u00fcr mich ist es bei der Revue sehr schwer, Showphotos zu machen, denn ich komme von meiner Position nicht weg. Mein Job hei\u00dft hier offiziell &#8222;Inspizient&#8220;. Ich bin also derjenige, der die Show callt, die Eins\u00e4tze an Licht, Video, Schn\u00fcrboden, Kulissen und manchmal sogar an die Musiker gibt. Da kann ich nicht mal eben nach vorne in den Saal laufen, um ein paar Bilder zu schie\u00dfen. Aber ich hab&#8216; schon Kollegen gefragt uns so wird es in den n\u00e4chsten Tagen trotzdem Bilder geben. Das obige Photo entspricht \u00fcbrigens meiner Perspektive auf die B\u00fchne&#8230;. wenn ich dann mal den Kopf durch den seitlichen Vorhang stecke. Denn eigentlich bin ich gut versteckt und beobachte alles \u00fcber Monitore. Die haben dann den Vorteil, da\u00df ich auch in absoluter Dunkelheit noch etwas sehen kann, weil die Kamera infrarotempfindlich ist.<\/p>\n<p style=\"text-align: center\"><img src=\"https:\/\/www.tour-blog.de\/wp-content\/uploads\/2006\/06\/Max\/Hannover%2012.jpg\" title=\"Der Spiegel\" alt=\"Der Spiegel\" \/><\/p>\n<p>So sieht es \u00fcbrigens bei uns hinter der B\u00fchne aus. Ihr seht den Videoplatz, den gro\u00dfen Spiegel, mit dem die Projektion umgelengt wird, um sie gr\u00f6\u00dfer zu bekommen, jede Menge Kulissenteile und hinten auch zwei Musiker, die sich gerade hektisch umziehen.<\/p>\n<p style=\"text-align: center\"><img src=\"https:\/\/www.tour-blog.de\/wp-content\/uploads\/2006\/06\/Max\/Hannover%2013.jpg\" title=\"Mich\u00e9l hinter der B\u00fchne\" alt=\"Mich\u00e9l hinter der B\u00fchne\" \/><\/p>\n<p>Das hier ist Mich\u00e9l, einer der vier B\u00fchnenleute. Sie sorgen immer f\u00fcr die Umbauten und helfen den Musikern. Mich\u00e9l betreut zusammen mit Konte die rechte B\u00fchnenseite, Micha und Paule die linke.<\/p>\n","protected":false},"excerpt":{"rendered":"<p>Kaum haben wir angefangen, schon winkt auch schon wieder der erste freie Tag. Die sonnt\u00e4gliche Show ist immer besonders entspannt, weil sich alle auf den spielfreien Montag freuen. Trotzdem gab es auch heute wieder ein paar unerfreuliche Patzer. Wir m\u00fcssen uns n\u00e4chste Woche echt zusammenrei\u00dfen, sonst wird Max (v\u00f6llig zurecht) richtig pissig. Ich kann ihn &hellip; <a href=\"https:\/\/www.tour-blog.de\/?p=344\" class=\"more-link\"><span class=\"screen-reader-text\">\u201eSonntagsshow\u201c<\/span> weiterlesen<\/a><\/p>\n","protected":false},"author":7,"featured_media":0,"comment_status":"open","ping_status":"open","sticky":false,"template":"","format":"standard","meta":[],"categories":[17],"tags":[],"_links":{"self":[{"href":"https:\/\/www.tour-blog.de\/index.php?rest_route=\/wp\/v2\/posts\/344"}],"collection":[{"href":"https:\/\/www.tour-blog.de\/index.php?rest_route=\/wp\/v2\/posts"}],"about":[{"href":"https:\/\/www.tour-blog.de\/index.php?rest_route=\/wp\/v2\/types\/post"}],"author":[{"embeddable":true,"href":"https:\/\/www.tour-blog.de\/index.php?rest_route=\/wp\/v2\/users\/7"}],"replies":[{"embeddable":true,"href":"https:\/\/www.tour-blog.de\/index.php?rest_route=%2Fwp%2Fv2%2Fcomments&post=344"}],"version-history":[{"count":0,"href":"https:\/\/www.tour-blog.de\/index.php?rest_route=\/wp\/v2\/posts\/344\/revisions"}],"wp:attachment":[{"href":"https:\/\/www.tour-blog.de\/index.php?rest_route=%2Fwp%2Fv2%2Fmedia&parent=344"}],"wp:term":[{"taxonomy":"category","embeddable":true,"href":"https:\/\/www.tour-blog.de\/index.php?rest_route=%2Fwp%2Fv2%2Fcategories&post=344"},{"taxonomy":"post_tag","embeddable":true,"href":"https:\/\/www.tour-blog.de\/index.php?rest_route=%2Fwp%2Fv2%2Ftags&post=344"}],"curies":[{"name":"wp","href":"https:\/\/api.w.org\/{rel}","templated":true}]}}