{"id":3402,"date":"2010-07-21T09:59:32","date_gmt":"2010-07-21T07:59:32","guid":{"rendered":"http:\/\/www.tour-blog.de\/?p=3402"},"modified":"2010-07-21T12:37:41","modified_gmt":"2010-07-21T10:37:41","slug":"nieuwpoort","status":"publish","type":"post","link":"https:\/\/www.tour-blog.de\/?p=3402","title":{"rendered":"Nieuwpoort"},"content":{"rendered":"<p><a title=\"Der Strand von Nieuwpoort\" href=\"https:\/\/www.tour-blog.de\/2010\/07\/Segeln Nieuwpoort 1 3000.jpg\" target=\"_blank\"><img class=\"alignnone\" title=\"Der Strand von Nieuwpoort; Bild gr\u00f6\u00dferklickbar\" src=\"https:\/\/www.tour-blog.de\/2010\/07\/Segeln Nieuwpoort 1 700.jpg\" alt=\"\" \/><\/a><\/p>\n<p>Mit diesem Photo wird Euch vielleicht klar, warum ich die niederl\u00e4ndische K\u00fcste so lobte: das ist n\u00e4mlich der typische Eindruck im belgischen Teil der Nordseek\u00fcste. Wie kann man nur so unfa\u00dfbar h\u00e4\u00dflich bauen !\u00a0 Nicht, da\u00df es nicht auch in Deutschland einzelne Orte g\u00e4be, die man als <span style=\"text-decoration: line-through;\">fleisch<\/span>betongewordenen Albtraum bezeichnen k\u00f6nnte, aber in Belgien zieht sich das <em>komplett<\/em> durch.<\/p>\n<p><a title=\"Der Marktplatz von Nieuwpoort\" href=\"https:\/\/www.tour-blog.de\/2010\/07\/Segeln Nieuwpoort 2 3000.jpg\" target=\"_blank\"><img class=\"alignnone\" title=\"Der Marktplatz von Nieuwpoort; Bild gr\u00f6\u00dferklickbar\" src=\"https:\/\/www.tour-blog.de\/2010\/07\/Segeln Nieuwpoort 2 700.jpg\" alt=\"\" \/><\/a><\/p>\n<p>In <a title=\"Der Begriff bei Wikipedia\" href=\"http:\/\/de.wikipedia.org\/wiki\/Nieuwpoort\" target=\"_blank\">Nieuwpoort<\/a> wird es optisch etwas besser, wenn man die direkte K\u00fcste hinter sich l\u00e4\u00dft und den Kanal in Richtung Altstadt f\u00e4hrt. Der Marktplatz kann sich ja durchaus sehen lassen. Aber so richtig schick ist es zumindest f\u00fcr uns im Detail nicht geworden. Die offizielle Hafenbeh\u00f6rde empfing uns mit den Worten &#8222;F\u00fcr Sie haben wir hier kein Platz, die k\u00f6nnen woanders hinfahren.&#8220; Nett, oder ?\u00a0 Dabei w\u00e4re durchaus reichlich Platz gewesen. Und so legten wir dann an einem Schwimmsteg im etwas Abseits gelegenen Yachthafen an. Das ging auch nur, weil faktisch kein Wind wehte. W\u00e4re er st\u00e4rker gewesen h\u00e4tten wir wahrscheinlich die komplette Anlage mit uns gerissen. Es gab keine Poller, sondern Festmacherchen. Au\u00dferdem scheint das Wasser im Kanal faktisch zu stehen, es stank gerade bei Ebbe ziemlich extrem und sah auch merkw\u00fcrdigst aus. Daf\u00fcr war aber der Hafenmeister der Marina sehr nett. Wenigstens was.<\/p>\n<p><img class=\"alignnone\" title=\"K\u00fcnstlerisch gestaltete Hafeneinfahrt von Nieuwpoort\" src=\"https:\/\/www.tour-blog.de\/2010\/07\/Segeln Nieuwpoort 3.jpg\" alt=\"\" \/><\/p>\n<p style=\"text-align: center;\"><img class=\"aligncenter\" title=\"K\u00fcnstlerisch gestaltete Hafeneinfahrt von Nieuwpoort\" src=\"https:\/\/www.tour-blog.de\/2010\/07\/Segeln Nieuwpoort 4.jpg\" alt=\"\" \/><\/p>\n<p><img class=\"alignnone\" title=\"K\u00fcnstlerisch gestaltete Hafeneinfahrt von Nieuwpoort\" src=\"https:\/\/www.tour-blog.de\/2010\/07\/Segeln Nieuwpoort 5.jpg\" alt=\"\" \/><\/p>\n<p>Als wir am n\u00e4chsten Morgen in Richtung England losfuhren, machte ich  noch ein paar Bilder von der Gestaltung des Kanals, der vom Meer zur  Altstadt f\u00fchrt. Da hat man sich tats\u00e4chlich mal etwas einfallen lassen und ihn sch\u00f6n k\u00fcnstlerisch gestaltet. Finde ich eine tolle Idee.<\/p>\n","protected":false},"excerpt":{"rendered":"<p>Mit diesem Photo wird Euch vielleicht klar, warum ich die niederl\u00e4ndische K\u00fcste so lobte: das ist n\u00e4mlich der typische Eindruck im belgischen Teil der Nordseek\u00fcste. Wie kann man nur so unfa\u00dfbar h\u00e4\u00dflich bauen !\u00a0 Nicht, da\u00df es nicht auch in Deutschland einzelne Orte g\u00e4be, die man als fleischbetongewordenen Albtraum bezeichnen k\u00f6nnte, aber in Belgien zieht &hellip; <a href=\"https:\/\/www.tour-blog.de\/?p=3402\" class=\"more-link\"><span class=\"screen-reader-text\">\u201eNieuwpoort\u201c<\/span> weiterlesen<\/a><\/p>\n","protected":false},"author":7,"featured_media":0,"comment_status":"open","ping_status":"open","sticky":false,"template":"","format":"standard","meta":[],"categories":[51],"tags":[],"_links":{"self":[{"href":"https:\/\/www.tour-blog.de\/index.php?rest_route=\/wp\/v2\/posts\/3402"}],"collection":[{"href":"https:\/\/www.tour-blog.de\/index.php?rest_route=\/wp\/v2\/posts"}],"about":[{"href":"https:\/\/www.tour-blog.de\/index.php?rest_route=\/wp\/v2\/types\/post"}],"author":[{"embeddable":true,"href":"https:\/\/www.tour-blog.de\/index.php?rest_route=\/wp\/v2\/users\/7"}],"replies":[{"embeddable":true,"href":"https:\/\/www.tour-blog.de\/index.php?rest_route=%2Fwp%2Fv2%2Fcomments&post=3402"}],"version-history":[{"count":0,"href":"https:\/\/www.tour-blog.de\/index.php?rest_route=\/wp\/v2\/posts\/3402\/revisions"}],"wp:attachment":[{"href":"https:\/\/www.tour-blog.de\/index.php?rest_route=%2Fwp%2Fv2%2Fmedia&parent=3402"}],"wp:term":[{"taxonomy":"category","embeddable":true,"href":"https:\/\/www.tour-blog.de\/index.php?rest_route=%2Fwp%2Fv2%2Fcategories&post=3402"},{"taxonomy":"post_tag","embeddable":true,"href":"https:\/\/www.tour-blog.de\/index.php?rest_route=%2Fwp%2Fv2%2Ftags&post=3402"}],"curies":[{"name":"wp","href":"https:\/\/api.w.org\/{rel}","templated":true}]}}