{"id":3390,"date":"2010-07-14T17:12:42","date_gmt":"2010-07-14T15:12:42","guid":{"rendered":"http:\/\/www.tour-blog.de\/?p=3390"},"modified":"2010-07-15T11:41:49","modified_gmt":"2010-07-15T09:41:49","slug":"auto","status":"publish","type":"post","link":"https:\/\/www.tour-blog.de\/?p=3390","title":{"rendered":"Auto"},"content":{"rendered":"<p>Ich bin eigentlich jemand, der sehr gern mit der Bahn f\u00e4hrt. Die Erlebnisse der letzten Monate lassen mich jedoch stark dar\u00fcber nachdenken, ob es nicht doch sinnvoll sein k\u00f6nnte, ein eigenes Auto zu kaufen.<\/p>\n<p>Im Winter besteht die Gefahr des Winters, im Sommer die Gefahr des Sommers. Diese simple Erkenntnis sollte sich doch auch in den Vorstandsetagen der Deutschen Bahn AG herumgesprochen haben. W\u00e4hrend in Frankreich alle drei Z\u00fcge p\u00fcnktlich und gut klimatisiert verkehrten und auch sonst keine gr\u00f6\u00dferen Verst\u00e4tungen angezeigt wurden, bricht, kaum da\u00df ich deutschen Boden betrete, wieder das Chaos aus. Schlecht gewartetes Material trifft auf diletantisches Personal. Na klasse.<\/p>\n<p><strong>Nachtrag 15.07.2010<\/strong>: gekr\u00f6nt wurde meine Reise dann noch durch einen Taxifahrer, der ganz offensichtlich eine \u00dcberdosis <a title=\"Das Produkt\" href=\"http:\/\/www.vitakraft.de\/deutsch\/produkte\/VO\/21172.htm\" target=\"_blank\">Trill Sprechperlen<\/a> zum Abendessen verspeist hatte. Trotz deutlichen Hinweises, da\u00df mich es nicht sonderlich interessierte, referierte er ausf\u00fchrlich \u00fcber <a title=\"Der Begriff bei Wikipedia\" href=\"http:\/\/de.wikipedia.org\/wiki\/DR-Baureihe_130\" target=\"_blank\">Ludmillas<\/a> und <a title=\"Der Begriff bei Wikipedia\" href=\"http:\/\/de.wikipedia.org\/wiki\/LTS_M62\" target=\"_blank\">Taigatrommeln<\/a>, die ja deutlich zuverl\u00e4ssiger als aktuelle Bahntechnik seien. Ich h\u00e4tte es vor dem Einsteigen wissen k\u00f6nnen: sein Wagen war mit Aufklebern von <a title=\"Der Begriff bei Wikipedia\" href=\"http:\/\/www.modellbau-wiki.de\/wiki\/Pufferk%C3%BCsser\" target=\"_blank\">Pufferk\u00fcsser<\/a>vereinen gepflastert.<\/p>\n","protected":false},"excerpt":{"rendered":"<p>Ich bin eigentlich jemand, der sehr gern mit der Bahn f\u00e4hrt. Die Erlebnisse der letzten Monate lassen mich jedoch stark dar\u00fcber nachdenken, ob es nicht doch sinnvoll sein k\u00f6nnte, ein eigenes Auto zu kaufen. Im Winter besteht die Gefahr des Winters, im Sommer die Gefahr des Sommers. Diese simple Erkenntnis sollte sich doch auch in &hellip; <a href=\"https:\/\/www.tour-blog.de\/?p=3390\" class=\"more-link\"><span class=\"screen-reader-text\">\u201eAuto\u201c<\/span> weiterlesen<\/a><\/p>\n","protected":false},"author":7,"featured_media":0,"comment_status":"open","ping_status":"open","sticky":false,"template":"","format":"standard","meta":[],"categories":[8],"tags":[],"_links":{"self":[{"href":"https:\/\/www.tour-blog.de\/index.php?rest_route=\/wp\/v2\/posts\/3390"}],"collection":[{"href":"https:\/\/www.tour-blog.de\/index.php?rest_route=\/wp\/v2\/posts"}],"about":[{"href":"https:\/\/www.tour-blog.de\/index.php?rest_route=\/wp\/v2\/types\/post"}],"author":[{"embeddable":true,"href":"https:\/\/www.tour-blog.de\/index.php?rest_route=\/wp\/v2\/users\/7"}],"replies":[{"embeddable":true,"href":"https:\/\/www.tour-blog.de\/index.php?rest_route=%2Fwp%2Fv2%2Fcomments&post=3390"}],"version-history":[{"count":0,"href":"https:\/\/www.tour-blog.de\/index.php?rest_route=\/wp\/v2\/posts\/3390\/revisions"}],"wp:attachment":[{"href":"https:\/\/www.tour-blog.de\/index.php?rest_route=%2Fwp%2Fv2%2Fmedia&parent=3390"}],"wp:term":[{"taxonomy":"category","embeddable":true,"href":"https:\/\/www.tour-blog.de\/index.php?rest_route=%2Fwp%2Fv2%2Fcategories&post=3390"},{"taxonomy":"post_tag","embeddable":true,"href":"https:\/\/www.tour-blog.de\/index.php?rest_route=%2Fwp%2Fv2%2Ftags&post=3390"}],"curies":[{"name":"wp","href":"https:\/\/api.w.org\/{rel}","templated":true}]}}