{"id":3359,"date":"2010-06-18T09:57:08","date_gmt":"2010-06-18T07:57:08","guid":{"rendered":"http:\/\/www.tour-blog.de\/?p=3359"},"modified":"2010-06-17T22:06:55","modified_gmt":"2010-06-17T20:06:55","slug":"schneefall-im-sommer","status":"publish","type":"post","link":"https:\/\/www.tour-blog.de\/?p=3359","title":{"rendered":"Schneefall im Sommer"},"content":{"rendered":"<p><img loading=\"lazy\" class=\"alignnone\" title=\"schneewei\u00dfe Wiese durch Pappelpollen\" src=\"https:\/\/www.tour-blog.de\/2010\/06\/Schnee.jpg\" alt=\"\" width=\"700\" height=\"525\" \/><\/p>\n<p>Hier stehen ganz viele Pappeln in der Gegend und zur Zeit ist Pappelpollenzeit, die tats\u00e4chlich wie ein Wintertag bei Schneesturm aussieht. Die Luft ist tags\u00fcber voll mit dicken Flocken. Im Nachbargarten wurde gestern der Rasen gem\u00e4ht und da kann man dann mal sehen, wie stark der Unterschied zwischen &#8222;beschneiten&#8220; und &#8222;ger\u00e4umten&#8220; Fl\u00e4chen ist.<\/p>\n","protected":false},"excerpt":{"rendered":"<p>Hier stehen ganz viele Pappeln in der Gegend und zur Zeit ist Pappelpollenzeit, die tats\u00e4chlich wie ein Wintertag bei Schneesturm aussieht. Die Luft ist tags\u00fcber voll mit dicken Flocken. Im Nachbargarten wurde gestern der Rasen gem\u00e4ht und da kann man dann mal sehen, wie stark der Unterschied zwischen &#8222;beschneiten&#8220; und &#8222;ger\u00e4umten&#8220; Fl\u00e4chen ist.<\/p>\n","protected":false},"author":7,"featured_media":0,"comment_status":"open","ping_status":"open","sticky":false,"template":"","format":"standard","meta":[],"categories":[23],"tags":[],"_links":{"self":[{"href":"https:\/\/www.tour-blog.de\/index.php?rest_route=\/wp\/v2\/posts\/3359"}],"collection":[{"href":"https:\/\/www.tour-blog.de\/index.php?rest_route=\/wp\/v2\/posts"}],"about":[{"href":"https:\/\/www.tour-blog.de\/index.php?rest_route=\/wp\/v2\/types\/post"}],"author":[{"embeddable":true,"href":"https:\/\/www.tour-blog.de\/index.php?rest_route=\/wp\/v2\/users\/7"}],"replies":[{"embeddable":true,"href":"https:\/\/www.tour-blog.de\/index.php?rest_route=%2Fwp%2Fv2%2Fcomments&post=3359"}],"version-history":[{"count":0,"href":"https:\/\/www.tour-blog.de\/index.php?rest_route=\/wp\/v2\/posts\/3359\/revisions"}],"wp:attachment":[{"href":"https:\/\/www.tour-blog.de\/index.php?rest_route=%2Fwp%2Fv2%2Fmedia&parent=3359"}],"wp:term":[{"taxonomy":"category","embeddable":true,"href":"https:\/\/www.tour-blog.de\/index.php?rest_route=%2Fwp%2Fv2%2Fcategories&post=3359"},{"taxonomy":"post_tag","embeddable":true,"href":"https:\/\/www.tour-blog.de\/index.php?rest_route=%2Fwp%2Fv2%2Ftags&post=3359"}],"curies":[{"name":"wp","href":"https:\/\/api.w.org\/{rel}","templated":true}]}}