{"id":3358,"date":"2010-06-17T15:59:16","date_gmt":"2010-06-17T13:59:16","guid":{"rendered":"http:\/\/www.tour-blog.de\/?p=3358"},"modified":"2010-06-17T00:29:18","modified_gmt":"2010-06-16T22:29:18","slug":"mohn","status":"publish","type":"post","link":"https:\/\/www.tour-blog.de\/?p=3358","title":{"rendered":"Mohn"},"content":{"rendered":"<p><img class=\"alignnone\" title=\"Mohnfeld\" src=\"https:\/\/www.tour-blog.de\/2010\/06\/Mohn 1.jpg\" alt=\"\" \/><\/p>\n<p>Vorgestern bin ich auf meinem Heimweg an einem aufgegebenen Feld vorbeigekommen, an dem wundersch\u00f6n der Mohn und Kamille bl\u00fchte. Da mu\u00dfte ich direkt anhalten und ein paar Photos schie\u00dfen, auch wenn der Himmel bedeckt und damit die Farben nicht optimal waren. Auch der Kontrast mit der Kamille gefiel mir sehr gut.<\/p>\n<p><img class=\"alignnone\" title=\"Mohnfeld\" src=\"https:\/\/www.tour-blog.de\/2010\/06\/Mohn 2.jpg\" alt=\"\" \/><\/p>\n<p><img class=\"alignnone\" title=\"Mohnfeld\" src=\"https:\/\/www.tour-blog.de\/2010\/06\/Mohn 3.jpg\" alt=\"\" \/><\/p>\n<p><img class=\"alignnone\" title=\"Mohnfeld\" src=\"https:\/\/www.tour-blog.de\/2010\/06\/Mohn 4.jpg\" alt=\"\" \/><\/p>\n","protected":false},"excerpt":{"rendered":"<p>Vorgestern bin ich auf meinem Heimweg an einem aufgegebenen Feld vorbeigekommen, an dem wundersch\u00f6n der Mohn und Kamille bl\u00fchte. Da mu\u00dfte ich direkt anhalten und ein paar Photos schie\u00dfen, auch wenn der Himmel bedeckt und damit die Farben nicht optimal waren. Auch der Kontrast mit der Kamille gefiel mir sehr gut.<\/p>\n","protected":false},"author":7,"featured_media":0,"comment_status":"open","ping_status":"open","sticky":false,"template":"","format":"standard","meta":[],"categories":[8],"tags":[],"_links":{"self":[{"href":"https:\/\/www.tour-blog.de\/index.php?rest_route=\/wp\/v2\/posts\/3358"}],"collection":[{"href":"https:\/\/www.tour-blog.de\/index.php?rest_route=\/wp\/v2\/posts"}],"about":[{"href":"https:\/\/www.tour-blog.de\/index.php?rest_route=\/wp\/v2\/types\/post"}],"author":[{"embeddable":true,"href":"https:\/\/www.tour-blog.de\/index.php?rest_route=\/wp\/v2\/users\/7"}],"replies":[{"embeddable":true,"href":"https:\/\/www.tour-blog.de\/index.php?rest_route=%2Fwp%2Fv2%2Fcomments&post=3358"}],"version-history":[{"count":0,"href":"https:\/\/www.tour-blog.de\/index.php?rest_route=\/wp\/v2\/posts\/3358\/revisions"}],"wp:attachment":[{"href":"https:\/\/www.tour-blog.de\/index.php?rest_route=%2Fwp%2Fv2%2Fmedia&parent=3358"}],"wp:term":[{"taxonomy":"category","embeddable":true,"href":"https:\/\/www.tour-blog.de\/index.php?rest_route=%2Fwp%2Fv2%2Fcategories&post=3358"},{"taxonomy":"post_tag","embeddable":true,"href":"https:\/\/www.tour-blog.de\/index.php?rest_route=%2Fwp%2Fv2%2Ftags&post=3358"}],"curies":[{"name":"wp","href":"https:\/\/api.w.org\/{rel}","templated":true}]}}