{"id":33,"date":"2006-01-31T22:46:22","date_gmt":"2006-01-31T21:46:22","guid":{"rendered":"http:\/\/www.tour-blog.de\/?p=33"},"modified":"2006-01-31T23:21:44","modified_gmt":"2006-01-31T22:21:44","slug":"vamos","status":"publish","type":"post","link":"https:\/\/www.tour-blog.de\/?p=33","title":{"rendered":"Vamos!"},"content":{"rendered":"<p>Wie schon im vergangenen Jahr sind die Proben zur Tour von Annett Louisan und die Premiere im <a target=\"_blank\" title=\"Vamos!\" href=\"http:\/\/www.vamoskulturhalle.de\/\">Vamos!<\/a> in L\u00fcneburg. Die Geschichte des Venues ist ganz sch\u00f6n und darum mu\u00df ich sie hier mal erz\u00e4hlen. Anfang der 90er Jahre wuchs die Uni in L\u00fcneburg sehr stark. Eine gro\u00dfe aufgegebene Kaserne wurde teilweise umgebaut und so war pl\u00f6tzlich viel Platz f\u00fcr die Uni, die diesen Platz mit vielen zus\u00e4tzlichen Studenten f\u00fcllte. Nur preiswerte Wohnungen gab es nicht und so besetzte eine Initiative nicht als Universit\u00e4t genutzte Teile der ehemaligen Kaserne und schuf somit den dringend ben\u00f6tigten Wohnraum. Als Treffpunkt nutzte man die Kasernensporthalle, in der man sich zu spontanen Feten traf. Nachdem anfangs jeder einfach seine Kiste Bier mitbrachte, baute man irgendwann in einer Nacht und Nebel &#8211; Aktion eine gro\u00dfe Theke ein und begann die Bewirtung. Alles illegal. Mittlerweile sind Wohnungen und Veranstaltungszentrum l\u00e4ngst legalisiert, die Initiative betreibt nicht nur Wohnheime, Caf\u00e9s, Copyshops und eine studentische Autovermietung, sondern auch immer noch diese Turnhalle, die durch Umbauten aber l\u00e4ngst nicht mehr an Turnvater Jahn erinnert, sondern am Wochenende eine gut besuchte Disco und an anderen Terminen eine sehr sch\u00f6ne Veranstaltungshalle ist.<\/p>\n<p>Das Tolle hier ist sind die hochmotivierten Mitarbeiter \u2014 alles Studenten. Viele Dinge werden hier unorthodox gel\u00f6st und genau das ist das Sch\u00f6ne. Hier gibt es keine abgefuckten Hausmeister, die ihren Job schon seit 25 Jahren genau gleich machen, sondern junge Leute, die etwas bewegen wollen. Zwar gibt es mittlerweile auch hauptamtliche Mitarbeiter und sogar eine Unstudierte, n\u00e4mlich Nele, die eine Lehre als Veranstaltungskauffrau macht, aber so viel Elan kann man in anderen Hallen oft lange suchen. Darum: Booker dieser Republik, bucht diese Halle !<\/p>\n","protected":false},"excerpt":{"rendered":"<p>Wie schon im vergangenen Jahr sind die Proben zur Tour von Annett Louisan und die Premiere im Vamos! in L\u00fcneburg. Die Geschichte des Venues ist ganz sch\u00f6n und darum mu\u00df ich sie hier mal erz\u00e4hlen. Anfang der 90er Jahre wuchs die Uni in L\u00fcneburg sehr stark. Eine gro\u00dfe aufgegebene Kaserne wurde teilweise umgebaut und so &hellip; <a href=\"https:\/\/www.tour-blog.de\/?p=33\" class=\"more-link\"><span class=\"screen-reader-text\">\u201eVamos!\u201c<\/span> weiterlesen<\/a><\/p>\n","protected":false},"author":7,"featured_media":0,"comment_status":"open","ping_status":"open","sticky":false,"template":"","format":"standard","meta":[],"categories":[7],"tags":[],"_links":{"self":[{"href":"https:\/\/www.tour-blog.de\/index.php?rest_route=\/wp\/v2\/posts\/33"}],"collection":[{"href":"https:\/\/www.tour-blog.de\/index.php?rest_route=\/wp\/v2\/posts"}],"about":[{"href":"https:\/\/www.tour-blog.de\/index.php?rest_route=\/wp\/v2\/types\/post"}],"author":[{"embeddable":true,"href":"https:\/\/www.tour-blog.de\/index.php?rest_route=\/wp\/v2\/users\/7"}],"replies":[{"embeddable":true,"href":"https:\/\/www.tour-blog.de\/index.php?rest_route=%2Fwp%2Fv2%2Fcomments&post=33"}],"version-history":[{"count":0,"href":"https:\/\/www.tour-blog.de\/index.php?rest_route=\/wp\/v2\/posts\/33\/revisions"}],"wp:attachment":[{"href":"https:\/\/www.tour-blog.de\/index.php?rest_route=%2Fwp%2Fv2%2Fmedia&parent=33"}],"wp:term":[{"taxonomy":"category","embeddable":true,"href":"https:\/\/www.tour-blog.de\/index.php?rest_route=%2Fwp%2Fv2%2Fcategories&post=33"},{"taxonomy":"post_tag","embeddable":true,"href":"https:\/\/www.tour-blog.de\/index.php?rest_route=%2Fwp%2Fv2%2Ftags&post=33"}],"curies":[{"name":"wp","href":"https:\/\/api.w.org\/{rel}","templated":true}]}}