{"id":3287,"date":"2010-04-27T12:48:58","date_gmt":"2010-04-27T10:48:58","guid":{"rendered":"http:\/\/www.tour-blog.de\/?p=3287"},"modified":"2010-04-27T14:16:16","modified_gmt":"2010-04-27T12:16:16","slug":"baum-fallt","status":"publish","type":"post","link":"https:\/\/www.tour-blog.de\/?p=3287","title":{"rendered":"Baum f\u00e4llt !"},"content":{"rendered":"<p><img class=\"alignnone\" title=\"Beim Abbau\" src=\"https:\/\/www.tour-blog.de\/2010\/04\/Abbau 1.jpg\" alt=\"\" \/><\/p>\n<p>Mal ganz ehrlich: tr\u00e4umen wir Techniker nicht auch manchmal davon, am Ende der Veranstaltung einfach mit dem Bolzenschneider das Rigg aus dem Dach zu holen, alles zusammenzukehren, in den Truck zu schieben und dann Feierabend zu machen ?\u00a0 Sollen doch die Jungs im Lager das wieder auseinanderklam\u00fcsern (Liebe Gr\u00fc\u00dfe in diesem Zusammenhang an unsere wirklich tolle Lagercrew). Fast so l\u00e4uft gerade hier der Abbau bei der Dekofraktion. Die gro\u00dfen St\u00e4nde werden mit der Kettens\u00e4ge (!) abgebaut, fallen auf das gerade vor einer Woche verlegte Laminat und gehen direkt in den Container. Sowas finde ich als alter Heimwerker immer wieder aufs Neue erschreckend. Aus diesen ganzen Brettern und Latten k\u00f6nnte man doch noch was tolles bauen !<\/p>\n<p><img class=\"alignnone\" title=\"Beim Abbau\" src=\"https:\/\/www.tour-blog.de\/2010\/04\/Abbau 2.jpg\" alt=\"\" \/><\/p>\n","protected":false},"excerpt":{"rendered":"<p>Mal ganz ehrlich: tr\u00e4umen wir Techniker nicht auch manchmal davon, am Ende der Veranstaltung einfach mit dem Bolzenschneider das Rigg aus dem Dach zu holen, alles zusammenzukehren, in den Truck zu schieben und dann Feierabend zu machen ?\u00a0 Sollen doch die Jungs im Lager das wieder auseinanderklam\u00fcsern (Liebe Gr\u00fc\u00dfe in diesem Zusammenhang an unsere wirklich &hellip; <a href=\"https:\/\/www.tour-blog.de\/?p=3287\" class=\"more-link\"><span class=\"screen-reader-text\">\u201eBaum f\u00e4llt !\u201c<\/span> weiterlesen<\/a><\/p>\n","protected":false},"author":7,"featured_media":0,"comment_status":"open","ping_status":"open","sticky":false,"template":"","format":"standard","meta":[],"categories":[13],"tags":[],"_links":{"self":[{"href":"https:\/\/www.tour-blog.de\/index.php?rest_route=\/wp\/v2\/posts\/3287"}],"collection":[{"href":"https:\/\/www.tour-blog.de\/index.php?rest_route=\/wp\/v2\/posts"}],"about":[{"href":"https:\/\/www.tour-blog.de\/index.php?rest_route=\/wp\/v2\/types\/post"}],"author":[{"embeddable":true,"href":"https:\/\/www.tour-blog.de\/index.php?rest_route=\/wp\/v2\/users\/7"}],"replies":[{"embeddable":true,"href":"https:\/\/www.tour-blog.de\/index.php?rest_route=%2Fwp%2Fv2%2Fcomments&post=3287"}],"version-history":[{"count":0,"href":"https:\/\/www.tour-blog.de\/index.php?rest_route=\/wp\/v2\/posts\/3287\/revisions"}],"wp:attachment":[{"href":"https:\/\/www.tour-blog.de\/index.php?rest_route=%2Fwp%2Fv2%2Fmedia&parent=3287"}],"wp:term":[{"taxonomy":"category","embeddable":true,"href":"https:\/\/www.tour-blog.de\/index.php?rest_route=%2Fwp%2Fv2%2Fcategories&post=3287"},{"taxonomy":"post_tag","embeddable":true,"href":"https:\/\/www.tour-blog.de\/index.php?rest_route=%2Fwp%2Fv2%2Ftags&post=3287"}],"curies":[{"name":"wp","href":"https:\/\/api.w.org\/{rel}","templated":true}]}}