{"id":3282,"date":"2010-04-25T16:29:44","date_gmt":"2010-04-25T14:29:44","guid":{"rendered":"http:\/\/www.tour-blog.de\/?p=3282"},"modified":"2010-04-25T16:29:44","modified_gmt":"2010-04-25T14:29:44","slug":"sonnentag-2","status":"publish","type":"post","link":"https:\/\/www.tour-blog.de\/?p=3282","title":{"rendered":"Sonnentag"},"content":{"rendered":"<p><img class=\"alignnone\" title=\"Der Fr\u00fchling kommt\" src=\"https:\/\/www.tour-blog.de\/2010\/04\/Fruehling 3.jpg\" alt=\"\" \/><\/p>\n<p><img class=\"alignnone\" title=\"Der Fr\u00fchling kommt\" src=\"https:\/\/www.tour-blog.de\/2010\/04\/Fruehling 4.jpg\" alt=\"\" \/><\/p>\n<p>Heute ist hier nicht nur Tag der offenen T\u00fcr, bei dem nicht nur unsere Zelte, sondern auch die nebenan gelegenen Firmenhallen besichtigt werden k\u00f6nnen, auch ist strahlender Sonnenschein, was mich zwischendurch mal ein paar Minuten nach drau\u00dfen gelockt hat. Auf unserer B\u00fchne veranstaltet der SWR mit seinem Fernsehprogramm fr\u00f6hliche Unterhaltung, rundrum bauten wir noch drei OpenAir B\u00fchnen. Jenseits der B\u00fchnen gibt es aber noch viel sch\u00f6nere Dinge zu sehen: Bl\u00fcten \u00fcberall. Sowas vergi\u00dft man leicht, wenn man von morgens bis abends in so einem Zelt hockt.<\/p>\n<p style=\"text-align: center;\"><img class=\"aligncenter\" title=\"Der Fr\u00fchling kommt\" src=\"https:\/\/www.tour-blog.de\/2010\/04\/Fruehling 5.jpg\" alt=\"\" \/><\/p>\n<p><img class=\"alignnone\" title=\"Der Fr\u00fchling kommt\" src=\"https:\/\/www.tour-blog.de\/2010\/04\/Fruehling 6.jpg\" alt=\"\" \/><\/p>\n<p>Ich bin ja sehr gespannt, wie es zuhause im Garten aussieht, wenn ich n\u00e4chstes Wochenende nach Hamburg komme. Da m\u00fc\u00dfte sich ja auch viel getan haben.<\/p>\n","protected":false},"excerpt":{"rendered":"<p>Heute ist hier nicht nur Tag der offenen T\u00fcr, bei dem nicht nur unsere Zelte, sondern auch die nebenan gelegenen Firmenhallen besichtigt werden k\u00f6nnen, auch ist strahlender Sonnenschein, was mich zwischendurch mal ein paar Minuten nach drau\u00dfen gelockt hat. Auf unserer B\u00fchne veranstaltet der SWR mit seinem Fernsehprogramm fr\u00f6hliche Unterhaltung, rundrum bauten wir noch drei &hellip; <a href=\"https:\/\/www.tour-blog.de\/?p=3282\" class=\"more-link\"><span class=\"screen-reader-text\">\u201eSonnentag\u201c<\/span> weiterlesen<\/a><\/p>\n","protected":false},"author":7,"featured_media":0,"comment_status":"open","ping_status":"open","sticky":false,"template":"","format":"standard","meta":[],"categories":[8],"tags":[],"_links":{"self":[{"href":"https:\/\/www.tour-blog.de\/index.php?rest_route=\/wp\/v2\/posts\/3282"}],"collection":[{"href":"https:\/\/www.tour-blog.de\/index.php?rest_route=\/wp\/v2\/posts"}],"about":[{"href":"https:\/\/www.tour-blog.de\/index.php?rest_route=\/wp\/v2\/types\/post"}],"author":[{"embeddable":true,"href":"https:\/\/www.tour-blog.de\/index.php?rest_route=\/wp\/v2\/users\/7"}],"replies":[{"embeddable":true,"href":"https:\/\/www.tour-blog.de\/index.php?rest_route=%2Fwp%2Fv2%2Fcomments&post=3282"}],"version-history":[{"count":0,"href":"https:\/\/www.tour-blog.de\/index.php?rest_route=\/wp\/v2\/posts\/3282\/revisions"}],"wp:attachment":[{"href":"https:\/\/www.tour-blog.de\/index.php?rest_route=%2Fwp%2Fv2%2Fmedia&parent=3282"}],"wp:term":[{"taxonomy":"category","embeddable":true,"href":"https:\/\/www.tour-blog.de\/index.php?rest_route=%2Fwp%2Fv2%2Fcategories&post=3282"},{"taxonomy":"post_tag","embeddable":true,"href":"https:\/\/www.tour-blog.de\/index.php?rest_route=%2Fwp%2Fv2%2Ftags&post=3282"}],"curies":[{"name":"wp","href":"https:\/\/api.w.org\/{rel}","templated":true}]}}