{"id":3277,"date":"2010-04-24T12:54:07","date_gmt":"2010-04-24T10:54:07","guid":{"rendered":"http:\/\/www.tour-blog.de\/?p=3277"},"modified":"2010-04-24T12:54:07","modified_gmt":"2010-04-24T10:54:07","slug":"spasbremse","status":"publish","type":"post","link":"https:\/\/www.tour-blog.de\/?p=3277","title":{"rendered":"Spa\u00dfbremse"},"content":{"rendered":"<p>Wir hatten hier gestern <a title=\"Peter Wackel\" href=\"http:\/\/www.wackel.de\/\" target=\"_blank\">Peter Wackel<\/a> als einen der auftretenden K\u00fcnstler im Abendprogramm, einen der deutschen Unterhaltungsk\u00f6nige auf Mallorca und in Skigebieten. Ich bin ganz ehrlich: ich kann mit dieser Art von Musik \u00fc-ber-haupt-nichts anfangen. Lieber zwei Stunden <a title=\"Der Begriff bei Wikipedia\" href=\"http:\/\/de.wikipedia.org\/wiki\/Karlheinz_Stockhausen\" target=\"_blank\">Stockhausen<\/a> oder <a title=\"Der Begriff bei Wikipedia\" href=\"http:\/\/de.wikipedia.org\/wiki\/John_Cage\" target=\"_blank\">Cage<\/a>, die auch nicht immer leicht zu ertragen sind, als eine halbe Stunde Ballermannmusik. F\u00fcr mich &#8230; erschreckend &#8230; wie sehr die Leute darauf abgehen und Texte mitsingen k\u00f6nnen. Und verwunderlich ist, da\u00df auch die Frauen Texte mitgr\u00f6hlen, die offen frauendiskriminierend sind.<\/p>\n<p>Ich gebe zu: ich mag in einer kleinen, abgeschlossen Welt der Gutb\u00fcrgerlichkeit leben, aber bei sowas werde ich echt zur Spa\u00dfbremse. Und irgendwie bin ich stolz drauf.<\/p>\n","protected":false},"excerpt":{"rendered":"<p>Wir hatten hier gestern Peter Wackel als einen der auftretenden K\u00fcnstler im Abendprogramm, einen der deutschen Unterhaltungsk\u00f6nige auf Mallorca und in Skigebieten. Ich bin ganz ehrlich: ich kann mit dieser Art von Musik \u00fc-ber-haupt-nichts anfangen. Lieber zwei Stunden Stockhausen oder Cage, die auch nicht immer leicht zu ertragen sind, als eine halbe Stunde Ballermannmusik. F\u00fcr &hellip; <a href=\"https:\/\/www.tour-blog.de\/?p=3277\" class=\"more-link\"><span class=\"screen-reader-text\">\u201eSpa\u00dfbremse\u201c<\/span> weiterlesen<\/a><\/p>\n","protected":false},"author":7,"featured_media":0,"comment_status":"open","ping_status":"open","sticky":false,"template":"","format":"standard","meta":[],"categories":[13],"tags":[],"_links":{"self":[{"href":"https:\/\/www.tour-blog.de\/index.php?rest_route=\/wp\/v2\/posts\/3277"}],"collection":[{"href":"https:\/\/www.tour-blog.de\/index.php?rest_route=\/wp\/v2\/posts"}],"about":[{"href":"https:\/\/www.tour-blog.de\/index.php?rest_route=\/wp\/v2\/types\/post"}],"author":[{"embeddable":true,"href":"https:\/\/www.tour-blog.de\/index.php?rest_route=\/wp\/v2\/users\/7"}],"replies":[{"embeddable":true,"href":"https:\/\/www.tour-blog.de\/index.php?rest_route=%2Fwp%2Fv2%2Fcomments&post=3277"}],"version-history":[{"count":0,"href":"https:\/\/www.tour-blog.de\/index.php?rest_route=\/wp\/v2\/posts\/3277\/revisions"}],"wp:attachment":[{"href":"https:\/\/www.tour-blog.de\/index.php?rest_route=%2Fwp%2Fv2%2Fmedia&parent=3277"}],"wp:term":[{"taxonomy":"category","embeddable":true,"href":"https:\/\/www.tour-blog.de\/index.php?rest_route=%2Fwp%2Fv2%2Fcategories&post=3277"},{"taxonomy":"post_tag","embeddable":true,"href":"https:\/\/www.tour-blog.de\/index.php?rest_route=%2Fwp%2Fv2%2Ftags&post=3277"}],"curies":[{"name":"wp","href":"https:\/\/api.w.org\/{rel}","templated":true}]}}