{"id":3267,"date":"2010-04-21T14:30:52","date_gmt":"2010-04-21T12:30:52","guid":{"rendered":"http:\/\/www.tour-blog.de\/?p=3267"},"modified":"2010-04-21T14:30:52","modified_gmt":"2010-04-21T12:30:52","slug":"im-zelt","status":"publish","type":"post","link":"https:\/\/www.tour-blog.de\/?p=3267","title":{"rendered":"im Zelt"},"content":{"rendered":"<p><a title=\"Im Zelt B\" href=\"https:\/\/www.tour-blog.de\/2010\/04\/Zelt 3000.jpg\" target=\"_blank\"><img loading=\"lazy\" class=\"alignnone\" title=\"Im Zelt B; Bild gr\u00f6\u00dferklickbar\" src=\"https:\/\/www.tour-blog.de\/2010\/04\/Zelt 700.jpg\" alt=\"\" width=\"700\" height=\"120\" \/><\/a><\/p>\n<p>Gestern hatten wir unsere erste Veranstaltung und mittlerweile kann ich nat\u00fcrlich keine Photos aus dem inneren der Zelte mehr zeigen, weil sie \u00fcberall mit dem Firmenlogo versehen sind. W\u00e4hrend der Bauphase entstand dieses Bild in einem der vier Zelte, dem Zelt B. Hier wurde auf beiden Etagen eine Ausstellungsfl\u00e4che f\u00fcr die unterschiedlichen T\u00e4tigkeitsbereiche und die Geschichte des Konzerns eingerichtet.<\/p>\n<p><img loading=\"lazy\" class=\"alignnone\" title=\"Kubus in Zelt C\" src=\"https:\/\/www.tour-blog.de\/2010\/04\/Kubus.jpg\" alt=\"\" width=\"700\" height=\"525\" \/><\/p>\n<p>In Zelt C, auch hier ist Ausstellungsfl\u00e4che, aber auch die f\u00fcr Showacts genutzte, kleinere der beiden B\u00fchnen, installierten wir in einem mittlerweile in der Firmenfarbe verkleideten Kubus einen 103&#8243; &#8211; Monitor an der schr\u00e4gen Wand, was nicht ganz ohne Schwei\u00df abging. Diese Konstruktion k\u00f6nnen wir uns alle hier auch sehr gut mit einem Bett oder einer gro\u00dfen Badewanne ausgestattet vorstellen. Das w\u00e4re dann Fernsehgenu\u00df pur.<\/p>\n","protected":false},"excerpt":{"rendered":"<p>Gestern hatten wir unsere erste Veranstaltung und mittlerweile kann ich nat\u00fcrlich keine Photos aus dem inneren der Zelte mehr zeigen, weil sie \u00fcberall mit dem Firmenlogo versehen sind. W\u00e4hrend der Bauphase entstand dieses Bild in einem der vier Zelte, dem Zelt B. Hier wurde auf beiden Etagen eine Ausstellungsfl\u00e4che f\u00fcr die unterschiedlichen T\u00e4tigkeitsbereiche und die &hellip; <a href=\"https:\/\/www.tour-blog.de\/?p=3267\" class=\"more-link\"><span class=\"screen-reader-text\">\u201eim Zelt\u201c<\/span> weiterlesen<\/a><\/p>\n","protected":false},"author":7,"featured_media":0,"comment_status":"open","ping_status":"open","sticky":false,"template":"","format":"standard","meta":[],"categories":[13],"tags":[],"_links":{"self":[{"href":"https:\/\/www.tour-blog.de\/index.php?rest_route=\/wp\/v2\/posts\/3267"}],"collection":[{"href":"https:\/\/www.tour-blog.de\/index.php?rest_route=\/wp\/v2\/posts"}],"about":[{"href":"https:\/\/www.tour-blog.de\/index.php?rest_route=\/wp\/v2\/types\/post"}],"author":[{"embeddable":true,"href":"https:\/\/www.tour-blog.de\/index.php?rest_route=\/wp\/v2\/users\/7"}],"replies":[{"embeddable":true,"href":"https:\/\/www.tour-blog.de\/index.php?rest_route=%2Fwp%2Fv2%2Fcomments&post=3267"}],"version-history":[{"count":0,"href":"https:\/\/www.tour-blog.de\/index.php?rest_route=\/wp\/v2\/posts\/3267\/revisions"}],"wp:attachment":[{"href":"https:\/\/www.tour-blog.de\/index.php?rest_route=%2Fwp%2Fv2%2Fmedia&parent=3267"}],"wp:term":[{"taxonomy":"category","embeddable":true,"href":"https:\/\/www.tour-blog.de\/index.php?rest_route=%2Fwp%2Fv2%2Fcategories&post=3267"},{"taxonomy":"post_tag","embeddable":true,"href":"https:\/\/www.tour-blog.de\/index.php?rest_route=%2Fwp%2Fv2%2Ftags&post=3267"}],"curies":[{"name":"wp","href":"https:\/\/api.w.org\/{rel}","templated":true}]}}